{"id":64983,"date":"2025-10-31T10:54:59","date_gmt":"2025-10-31T07:54:59","guid":{"rendered":"https:\/\/www.egemtv.com\/?p=64983"},"modified":"2025-10-31T10:55:00","modified_gmt":"2025-10-31T07:55:00","slug":"esinin-bogazini-keserek-olduren-cani-koca-yeniden-yakalandi","status":"publish","type":"post","link":"https:\/\/www.egemtv.com\/?p=64983","title":{"rendered":"E\u015finin bo\u011faz\u0131n\u0131 keserek \u00f6ld\u00fcren cani koca yeniden yakaland\u0131"},"content":{"rendered":"<p>Ayd\u0131n\u2019\u0131n Ko\u00e7arl\u0131 il\u00e7esinde 3 y\u0131l \u00f6nce 2 ayl\u0131k e\u015finin bo\u011faz\u0131n\u0131 keserek \u00f6ld\u00fcren ve ge\u00e7ti\u011fimiz g\u00fcnlerde mahkemenin \u2019akli dengesinin yerinde olmad\u0131\u011f\u0131\u2019 karar\u0131yla serbest b\u0131rak\u0131lan Mustafa A.\u2019n\u0131n yap\u0131lan itiraz\u0131n ard\u0131ndan tahliye karar\u0131 kald\u0131r\u0131l\u0131rken, cani koca yeniden yakaland\u0131.<\/p>\n<p>Olay, 31 A\u011fustos 2022\u2019de Ko\u00e7arl\u0131 il\u00e7esi Sat\u0131lar Mahallesi Demiroluk Yaylas\u0131 mevkiinde meydana gelmi\u015fti. Necla A. (32), Ko\u00e7arl\u0131 il\u00e7esinde ya\u015fayan Mustafa A. (33) ile 26 Haziran 2022\u2019de evlenmi\u015fti. Hen\u00fcz elindeki gelin k\u0131nas\u0131 \u00e7\u0131kmayan gen\u00e7 kad\u0131n, 2 ayl\u0131k evliyken korkun\u00e7 bir cinayete kurban gitmi\u015fti. Ni\u015fanl\u0131l\u0131k ve d\u00fc\u011f\u00fcn esnas\u0131nda psikolojik rahats\u0131zl\u0131\u011f\u0131 gizlendi\u011fi iddia edilen e\u015fi Mustafa A. taraf\u0131ndan bo\u011faz\u0131 kesilerek \u00f6ld\u00fcr\u00fclen Necla A., g\u00f6zya\u015flar\u0131 aras\u0131nda topra\u011fa verilmi\u015fti. Ya\u015fanan olay\u0131n ard\u0131ndan Mustafa A., \u00e7\u0131kar\u0131ld\u0131\u011f\u0131 mahkemece tutuklanarak cezaevine g\u00f6nderilmi\u015fti. Yakla\u015f\u0131k 3 y\u0131ld\u0131r hapiste olan Mustafa A. hakk\u0131nda \u2019akli dengesinin yerinde olmad\u0131\u011f\u0131\u2019 y\u00f6n\u00fcnde rapor d\u00fczenlendi. Mahkeme, raporu dikkate alarak \u015fahs\u0131n cezai ehliyeti bulunmad\u0131\u011f\u0131na ve cezaevinden tahliye edilmesine karar verdi. Al\u0131nan karar\u0131n ard\u0131ndan Necla A.\u2019n\u0131n ailesi itiraz etti. Yap\u0131lan itiraz\u0131n kabul edilmesinin ard\u0131ndan \u0130zmir \u0130nfaz Hakimli\u011fi Mustafa A. hakk\u0131nda tahliye karar\u0131n\u0131 kald\u0131r\u0131ld\u0131.<br \/>\n<br \/>Yeniden hastaneye yat\u0131r\u0131larak tedavi g\u00f6rece\u011fi \u00f6\u011frenilen Mustafa A. yap\u0131lan \u00e7al\u0131\u015fmalar neticesinde yakalanarak g\u00f6zalt\u0131na al\u0131narak y\u00fcksek g\u00fcvenlikli hastaneye sevk edildi.<br \/><\/p>\n","protected":false},"excerpt":{"rendered":"<p>Ayd\u0131n\u2019\u0131n Ko\u00e7arl\u0131 il\u00e7esinde 3 y\u0131l \u00f6nce 2 ayl\u0131k e\u015finin bo\u011faz\u0131n\u0131 keserek \u00f6ld\u00fcren ve ge\u00e7ti\u011fimiz g\u00fcnlerde mahkemenin \u2019akli dengesinin yerinde olmad\u0131\u011f\u0131\u2019 karar\u0131yla serbest b\u0131rak\u0131lan Mustafa A.\u2019n\u0131n yap\u0131lan itiraz\u0131n ard\u0131ndan tahliye karar\u0131 kald\u0131r\u0131l\u0131rken, cani koca yeniden yakaland\u0131. Olay, 31 A\u011fustos 2022\u2019de Ko\u00e7arl\u0131 il\u00e7esi Sat\u0131lar Mahallesi Demiroluk Yaylas\u0131 mevkiinde meydana gelmi\u015fti. Necla A. (32), Ko\u00e7arl\u0131 il\u00e7esinde ya\u015fayan Mustafa&#8230;<\/p>\n","protected":false},"author":1,"featured_media":64984,"comment_status":"open","ping_status":"open","sticky":false,"template":"","format":"standard","meta":{"_crdt_document":"","footnotes":""},"categories":[5],"tags":[],"class_list":["post-64983","post","type-post","status-publish","format-standard","has-post-thumbnail","hentry","category-asayis"],"_links":{"self":[{"href":"https:\/\/www.egemtv.com\/index.php?rest_route=\/wp\/v2\/posts\/64983","targetHints":{"allow":["GET"]}}],"collection":[{"href":"https:\/\/www.egemtv.com\/index.php?rest_route=\/wp\/v2\/posts"}],"about":[{"href":"https:\/\/www.egemtv.com\/index.php?rest_route=\/wp\/v2\/types\/post"}],"author":[{"embeddable":true,"href":"https:\/\/www.egemtv.com\/index.php?rest_route=\/wp\/v2\/users\/1"}],"replies":[{"embeddable":true,"href":"https:\/\/www.egemtv.com\/index.php?rest_route=%2Fwp%2Fv2%2Fcomments&post=64983"}],"version-history":[{"count":1,"href":"https:\/\/www.egemtv.com\/index.php?rest_route=\/wp\/v2\/posts\/64983\/revisions"}],"predecessor-version":[{"id":64985,"href":"https:\/\/www.egemtv.com\/index.php?rest_route=\/wp\/v2\/posts\/64983\/revisions\/64985"}],"wp:featuredmedia":[{"embeddable":true,"href":"https:\/\/www.egemtv.com\/index.php?rest_route=\/wp\/v2\/media\/64984"}],"wp:attachment":[{"href":"https:\/\/www.egemtv.com\/index.php?rest_route=%2Fwp%2Fv2%2Fmedia&parent=64983"}],"wp:term":[{"taxonomy":"category","embeddable":true,"href":"https:\/\/www.egemtv.com\/index.php?rest_route=%2Fwp%2Fv2%2Fcategories&post=64983"},{"taxonomy":"post_tag","embeddable":true,"href":"https:\/\/www.egemtv.com\/index.php?rest_route=%2Fwp%2Fv2%2Ftags&post=64983"}],"curies":[{"name":"wp","href":"https:\/\/api.w.org\/{rel}","templated":true}]}}