{"id":64980,"date":"2025-10-31T10:54:58","date_gmt":"2025-10-31T07:54:58","guid":{"rendered":"https:\/\/www.egemtv.com\/?p=64980"},"modified":"2025-10-31T10:54:59","modified_gmt":"2025-10-31T07:54:59","slug":"mugla-ataturk-stadinin-18-yillik-hasreti-bitiyor","status":"publish","type":"post","link":"https:\/\/www.egemtv.com\/?p=64980","title":{"rendered":"Mu\u011fla Atat\u00fcrk stad\u0131n\u0131n 18 y\u0131ll\u0131k hasreti bitiyor"},"content":{"rendered":"<p>2024-2025 sezonunda 3. Ligden 2. Lige y\u00fckselen Mu\u011flaspor, ma\u00e7lar\u0131n\u0131 oynayaca\u011f\u0131 Atat\u00fcrk stad\u0131ndaki yenileme \u00e7al\u0131\u015fmalar\u0131n\u0131n b\u00fcy\u00fck b\u00f6l\u00fcm\u00fc tamamlan\u0131rken, Atat\u00fcrk stad\u0131 18 y\u0131l sonra 2. Lig kar\u015f\u0131la\u015fmas\u0131na ev sahipli\u011fi yapmaya haz\u0131rlan\u0131yor.<br \/>\n<br \/>Mu\u011fla Atat\u00fcrk stad\u0131n\u0131n trib\u00fcnlerinin depreme dayan\u0131ks\u0131z olmas\u0131 nedeniyle trib\u00fcnlerin tamam\u0131 y\u0131k\u0131lm\u0131\u015ft\u0131. Atat\u00fcrk stad\u0131ndaki yenileme \u00e7al\u0131\u015fmalar\u0131nda sona yakla\u015f\u0131l\u0131rken, Mu\u011flaspor geride kalan t\u00fcm i\u00e7 saha ma\u00e7lar\u0131n\u0131 Bodrum ve Denizli\u2019de oynamak zorunda kald\u0131.<br \/>\n<br \/>2. lig A grubunda m\u00fccadele eden Mu\u011flaspor, grubunda 17 puan ile 4. s\u0131rada yer al\u0131yor. Ye\u015fil-Beyazl\u0131lar 18 y\u0131l aradan sonra kendi sahas\u0131nda 2 Kas\u0131m Pazar g\u00fcn\u00fc saat 15.00\u2019da oynayaca\u011f\u0131 ilk ma\u00e7\u0131 grupta ayn\u0131 puana sahip takip\u00e7isi Elaz\u0131\u011fspor\u2019u a\u011f\u0131rlayacak.<br \/>\n<br \/>6 May\u0131s 2007\u2019de veda etti, 2 Kas\u0131m 2025\u2019de hasret bitiyor<br \/>\n<br \/>Mu\u011fla Atat\u00fcrk stad\u0131nda en son 2. Lig kar\u015f\u0131la\u015fmas\u0131 2006-2007 sezonunda Mu\u011flaspor-\u0130zmirspor ma\u00e7\u0131 ile veda etmi\u015fti. Mu\u011flaspor\u2019un 3-2 \u00fcst\u00fcnl\u00fc\u011f\u00fc ile biten, Y\u00fcksel Babayi\u011fit\u2019in 5 ve 22, Ey\u00fcpcan Baysal\u2019\u0131n da 51. dakikada att\u0131\u011f\u0131 gollerle \u0130zmirspor\u2019u 3-2 yenerek galibiyet ile 2. Lige veda etmi\u015fti. Bu ma\u00e7 sonras\u0131 Y\u00fcksel Babayi\u011fit Spor lig kul\u00fcb\u00fc Rizespor\u2019a, kaleci Evren \u00d6zyi\u011fit ise yine s\u00fcper lig tak\u0131m\u0131 Ankaraspor\u2019a sat\u0131lm\u0131\u015ft\u0131.<br \/>\n<br \/>Atat\u00fcrk stad\u0131n\u0131 galibiyet ile veda etti, hedef galibiyet ile ba\u015flamak<br \/>\n<br \/>6 May\u0131s\u2019ta hem Mu\u011flaspor, hem de Atat\u00fcrk stad\u0131 2. Lig kar\u015f\u0131la\u015fmalar\u0131n\u0131 veda ederken, 18 y\u0131l aradan sonra 2 Kas\u0131m Pazar g\u00fcn\u00fc Atat\u00fcrk stad\u0131 yeni y\u00fcz\u00fc ile tekrar kap\u0131lar\u0131n\u0131 Mu\u011flaspor\u2019a ve ye\u015fil-beyazl\u0131 taraftarlara a\u00e7\u0131yor. Gruptaki takip\u00e7isi Elaz\u0131\u011fspor\u2019u konuk edecek Mu\u011flaspor\u2019da hedef, 18 y\u0131l aradan sonra yenilenen Atat\u00fcrk Stad\u0131nda \u00e7\u0131kaca\u011f\u0131 2. Lig kar\u015f\u0131la\u015fmas\u0131n\u0131 galibiyet ile ba\u015flamak.<br \/><\/p>\n","protected":false},"excerpt":{"rendered":"<p>2024-2025 sezonunda 3. Ligden 2. Lige y\u00fckselen Mu\u011flaspor, ma\u00e7lar\u0131n\u0131 oynayaca\u011f\u0131 Atat\u00fcrk stad\u0131ndaki yenileme \u00e7al\u0131\u015fmalar\u0131n\u0131n b\u00fcy\u00fck b\u00f6l\u00fcm\u00fc tamamlan\u0131rken, Atat\u00fcrk stad\u0131 18 y\u0131l sonra 2. Lig kar\u015f\u0131la\u015fmas\u0131na ev sahipli\u011fi yapmaya haz\u0131rlan\u0131yor. Mu\u011fla Atat\u00fcrk stad\u0131n\u0131n trib\u00fcnlerinin depreme dayan\u0131ks\u0131z olmas\u0131 nedeniyle trib\u00fcnlerin tamam\u0131 y\u0131k\u0131lm\u0131\u015ft\u0131. Atat\u00fcrk stad\u0131ndaki yenileme \u00e7al\u0131\u015fmalar\u0131nda sona yakla\u015f\u0131l\u0131rken, Mu\u011flaspor geride kalan t\u00fcm i\u00e7 saha ma\u00e7lar\u0131n\u0131 Bodrum ve&#8230;<\/p>\n","protected":false},"author":1,"featured_media":64981,"comment_status":"open","ping_status":"open","sticky":false,"template":"","format":"standard","meta":{"_crdt_document":"","footnotes":""},"categories":[4],"tags":[],"class_list":["post-64980","post","type-post","status-publish","format-standard","has-post-thumbnail","hentry","category-spor"],"_links":{"self":[{"href":"https:\/\/www.egemtv.com\/index.php?rest_route=\/wp\/v2\/posts\/64980","targetHints":{"allow":["GET"]}}],"collection":[{"href":"https:\/\/www.egemtv.com\/index.php?rest_route=\/wp\/v2\/posts"}],"about":[{"href":"https:\/\/www.egemtv.com\/index.php?rest_route=\/wp\/v2\/types\/post"}],"author":[{"embeddable":true,"href":"https:\/\/www.egemtv.com\/index.php?rest_route=\/wp\/v2\/users\/1"}],"replies":[{"embeddable":true,"href":"https:\/\/www.egemtv.com\/index.php?rest_route=%2Fwp%2Fv2%2Fcomments&post=64980"}],"version-history":[{"count":1,"href":"https:\/\/www.egemtv.com\/index.php?rest_route=\/wp\/v2\/posts\/64980\/revisions"}],"predecessor-version":[{"id":64982,"href":"https:\/\/www.egemtv.com\/index.php?rest_route=\/wp\/v2\/posts\/64980\/revisions\/64982"}],"wp:featuredmedia":[{"embeddable":true,"href":"https:\/\/www.egemtv.com\/index.php?rest_route=\/wp\/v2\/media\/64981"}],"wp:attachment":[{"href":"https:\/\/www.egemtv.com\/index.php?rest_route=%2Fwp%2Fv2%2Fmedia&parent=64980"}],"wp:term":[{"taxonomy":"category","embeddable":true,"href":"https:\/\/www.egemtv.com\/index.php?rest_route=%2Fwp%2Fv2%2Fcategories&post=64980"},{"taxonomy":"post_tag","embeddable":true,"href":"https:\/\/www.egemtv.com\/index.php?rest_route=%2Fwp%2Fv2%2Ftags&post=64980"}],"curies":[{"name":"wp","href":"https:\/\/api.w.org\/{rel}","templated":true}]}}