{"id":64977,"date":"2025-10-31T09:54:56","date_gmt":"2025-10-31T06:54:56","guid":{"rendered":"https:\/\/www.egemtv.com\/?p=64977"},"modified":"2025-10-31T09:54:57","modified_gmt":"2025-10-31T06:54:57","slug":"yunanlilari-kendi-silahlariyla-vuran-ismail-efenin-heykelindeki-kama-calindi","status":"publish","type":"post","link":"https:\/\/www.egemtv.com\/?p=64977","title":{"rendered":"Yunanl\u0131lar\u0131 kendi silahlar\u0131yla vuran \u0130smail Efe\u2019nin heykelindeki kama \u00e7al\u0131nd\u0131"},"content":{"rendered":"<p>Ayd\u0131n\u2019\u0131n Efeler il\u00e7esinde tarihi has\u0131r pazar\u0131nda bulunan Dani\u015fmentli \u0130smail Efe heykelindeki kama \u00e7al\u0131nd\u0131.<br \/>\n<br \/>Ayd\u0131n\u2019\u0131n kurtulu\u015funda k\u0131zanlar\u0131yla birlikte b\u00fcy\u00fck bir kahramanl\u0131k g\u00f6steren Milis Binba\u015f\u0131 Dani\u015fmentli \u0130smail Efe\u2019nin heykeline, kimli\u011fi belirsiz ki\u015fi ya da ki\u015filerce zarar verildi. \u00d6zellikle Yunan i\u015fgali s\u0131ras\u0131nda Ayd\u0131n\u2019da verdi\u011fi m\u00fccadele ve Yunanl\u0131lar\u0131 kendi toplar\u0131yla vurmas\u0131, kahramanl\u0131k destan\u0131n\u0131n en \u00f6nemli anlar\u0131ndan biri olarak tarih sahnesine ge\u00e7en Efe\u2019nin heykelindeki kama, bulundu\u011fu yerden s\u00f6k\u00fcld\u00fc. Duruma tepki g\u00f6steren vatanda\u015flar tarihi de\u011ferlere sayg\u0131 g\u00f6sterilmesi gerekti\u011fini s\u00f6yledi.<br \/>\n<br \/>B\u00f6lge esnaf\u0131ndan \u0130smail \u00c7oban, &#8220;Tarihi has\u0131r pazar\u0131nda bulunan k\u00f6yl\u00fcm\u00fcz, atam\u0131z \u0130smail Efe\u2019nin heykeline zarar vermi\u015fler. Atalar\u0131m\u0131z\u0131n heykellerine vatanda\u015flar olarak sahip \u00e7\u0131kal\u0131m&#8221; dedi. \u0130zmir\u2019den Ayd\u0131n\u2019a gezmeye gelen ve kar\u015f\u0131la\u015ft\u0131\u011f\u0131 manzaraya tepki g\u00f6steren Cemile \u00d6z\u00e7elik ise, &#8220;\u00c7evremizde maalesef duyars\u0131z insanlar\u0131m\u0131z var. Tarihimize bile zarar vermek i\u00e7in u\u011fra\u015f\u0131yorlar. Heykelin \u00f6n k\u0131sm\u0131ndaki kamay\u0131 al\u0131p gitmi\u015fler. \u00c7ok k\u00f6t\u00fc duruyor \u015fu anda. Maalesef Ayd\u0131n\u2019a hi\u00e7 yak\u0131\u015fmam\u0131\u015f. De\u011ferlerimizi korumam\u0131z gerekiyor. Maalesef koruyamad\u0131k. \u00c7ok k\u00f6t\u00fc bence. De\u011ferlerimize sahip \u00e7\u0131kmam\u0131z gerekiyor&#8221; \u015feklinde konu\u015ftu.<br \/><\/p>\n","protected":false},"excerpt":{"rendered":"<p>Ayd\u0131n\u2019\u0131n Efeler il\u00e7esinde tarihi has\u0131r pazar\u0131nda bulunan Dani\u015fmentli \u0130smail Efe heykelindeki kama \u00e7al\u0131nd\u0131. Ayd\u0131n\u2019\u0131n kurtulu\u015funda k\u0131zanlar\u0131yla birlikte b\u00fcy\u00fck bir kahramanl\u0131k g\u00f6steren Milis Binba\u015f\u0131 Dani\u015fmentli \u0130smail Efe\u2019nin heykeline, kimli\u011fi belirsiz ki\u015fi ya da ki\u015filerce zarar verildi. \u00d6zellikle Yunan i\u015fgali s\u0131ras\u0131nda Ayd\u0131n\u2019da verdi\u011fi m\u00fccadele ve Yunanl\u0131lar\u0131 kendi toplar\u0131yla vurmas\u0131, kahramanl\u0131k destan\u0131n\u0131n en \u00f6nemli anlar\u0131ndan biri olarak tarih&#8230;<\/p>\n","protected":false},"author":1,"featured_media":64978,"comment_status":"open","ping_status":"open","sticky":false,"template":"","format":"standard","meta":{"_crdt_document":"","footnotes":""},"categories":[5],"tags":[],"class_list":["post-64977","post","type-post","status-publish","format-standard","has-post-thumbnail","hentry","category-asayis"],"_links":{"self":[{"href":"https:\/\/www.egemtv.com\/index.php?rest_route=\/wp\/v2\/posts\/64977","targetHints":{"allow":["GET"]}}],"collection":[{"href":"https:\/\/www.egemtv.com\/index.php?rest_route=\/wp\/v2\/posts"}],"about":[{"href":"https:\/\/www.egemtv.com\/index.php?rest_route=\/wp\/v2\/types\/post"}],"author":[{"embeddable":true,"href":"https:\/\/www.egemtv.com\/index.php?rest_route=\/wp\/v2\/users\/1"}],"replies":[{"embeddable":true,"href":"https:\/\/www.egemtv.com\/index.php?rest_route=%2Fwp%2Fv2%2Fcomments&post=64977"}],"version-history":[{"count":1,"href":"https:\/\/www.egemtv.com\/index.php?rest_route=\/wp\/v2\/posts\/64977\/revisions"}],"predecessor-version":[{"id":64979,"href":"https:\/\/www.egemtv.com\/index.php?rest_route=\/wp\/v2\/posts\/64977\/revisions\/64979"}],"wp:featuredmedia":[{"embeddable":true,"href":"https:\/\/www.egemtv.com\/index.php?rest_route=\/wp\/v2\/media\/64978"}],"wp:attachment":[{"href":"https:\/\/www.egemtv.com\/index.php?rest_route=%2Fwp%2Fv2%2Fmedia&parent=64977"}],"wp:term":[{"taxonomy":"category","embeddable":true,"href":"https:\/\/www.egemtv.com\/index.php?rest_route=%2Fwp%2Fv2%2Fcategories&post=64977"},{"taxonomy":"post_tag","embeddable":true,"href":"https:\/\/www.egemtv.com\/index.php?rest_route=%2Fwp%2Fv2%2Ftags&post=64977"}],"curies":[{"name":"wp","href":"https:\/\/api.w.org\/{rel}","templated":true}]}}