{"id":64971,"date":"2025-10-31T09:34:45","date_gmt":"2025-10-31T06:34:45","guid":{"rendered":"https:\/\/www.egemtv.com\/?p=64971"},"modified":"2025-10-31T09:34:46","modified_gmt":"2025-10-31T06:34:46","slug":"kutahyada-zaferin-yolu-karabag-etkinligi-duzenlendi","status":"publish","type":"post","link":"https:\/\/www.egemtv.com\/?p=64971","title":{"rendered":"K\u00fctahya\u2019da &#8220;Zaferin Yolu Karaba\u011f&#8221; etkinli\u011fi d\u00fczenlendi"},"content":{"rendered":"<p>K\u00fctahya\u2019da, Dumlup\u0131nar \u00dcniversitesi (DP\u00dc) Har\u0131b\u00fclb\u00fcl K\u00fclt\u00fcr Toplulu\u011fu, Azerbaycanl\u0131lar K\u00fclt\u00fcr ve Dayan\u0131\u015fma Derne\u011fi ile K\u00fctahya \u0130l K\u00fclt\u00fcr ve Turizm M\u00fcd\u00fcrl\u00fc\u011f\u00fc i\u015f birli\u011finde &#8220;Zaferin Yolu Karaba\u011f&#8221; adl\u0131 etkinlik d\u00fczenlendi.<br \/>\n<br \/>Etkinlikte, DP\u00dc \u00f6\u011fretim g\u00f6revlileri taraf\u0131ndan Karaba\u011f Zaferi\u2019nin tarih\u00ee \u00f6nemi ve T\u00fcrk d\u00fcnyas\u0131 a\u00e7\u0131s\u0131ndan ta\u015f\u0131d\u0131\u011f\u0131 anlam anlat\u0131ld\u0131. Program, \u00fcniversite \u00f6\u011frencileri ve davetlilerden yo\u011fun ilgi g\u00f6rd\u00fc.<br \/>\n<br \/>K\u00fctahya \u0130l K\u00fclt\u00fcr ve Turizm M\u00fcd\u00fcr\u00fc Zekeriya \u00dcnal, etkinlikte yapt\u0131\u011f\u0131 konu\u015fmada, Karaba\u011f zaferinin birlik ve karde\u015flik ruhunun bir g\u00f6stergesi oldu\u011funu vurgulad\u0131. \u00dcnal konu\u015fmas\u0131nda \u015fu ifadeleri kulland\u0131: &#8220;E\u011fer siz bize gayret yara\u015f\u0131r, merhamet Allah\u2019\u0131nd\u0131r, h\u00fckm-i az\u00eem, ne fakirin ne de \u015eeyh-i \u015eah\u2019\u0131nd\u0131r\u2019 diyerek sefere tabi buyuruyorsan\u0131z; varl\u0131\u011f\u0131n\u0131z\u0131 yery\u00fcz\u00fcnde zalimle de\u011fil, mazlumla payla\u015fmak \u00fczere temennendiriyorsan\u0131z, nihayetinde Cenab-\u0131 Allah sizlere muzafferiyet nasip ediyor.<br \/>\n<br \/>Bizler ne mutlu ki Karaba\u011f\u2019\u0131n yeniden \u00f6zg\u00fcrl\u00fc\u011f\u00fcne kavu\u015ftu\u011fu g\u00fcnlere tan\u0131kl\u0131k ettik. Azerbaycan\u2019\u0131n karde\u015fli\u011fini, s\u0131cakl\u0131\u011f\u0131n\u0131 ve samimiyetini her zaman yan\u0131m\u0131zda hissediyoruz. Bu m\u00fccadelede eme\u011fi ge\u00e7en t\u00fcm devlet adamlar\u0131na, y\u00f6neticilere ve \u015fehitlerimize minnetlerimi sunuyorum.&#8221;<br \/>\n<br \/>Etkinlikte ayr\u0131ca \u00f6\u011frenciler taraf\u0131ndan halk \u015fark\u0131lar\u0131, \u015fiir ve dans g\u00f6sterileri yer ald\u0131.<br \/>\n<br \/>Duygusal anlar\u0131n ya\u015fand\u0131\u011f\u0131 program, Azerbaycan-T\u00fcrkiye karde\u015fli\u011finin simgesi olan dostluk mesajlar\u0131yla sona erdi.<br \/><\/p>\n","protected":false},"excerpt":{"rendered":"<p>K\u00fctahya\u2019da, Dumlup\u0131nar \u00dcniversitesi (DP\u00dc) Har\u0131b\u00fclb\u00fcl K\u00fclt\u00fcr Toplulu\u011fu, Azerbaycanl\u0131lar K\u00fclt\u00fcr ve Dayan\u0131\u015fma Derne\u011fi ile K\u00fctahya \u0130l K\u00fclt\u00fcr ve Turizm M\u00fcd\u00fcrl\u00fc\u011f\u00fc i\u015f birli\u011finde &#8220;Zaferin Yolu Karaba\u011f&#8221; adl\u0131 etkinlik d\u00fczenlendi. Etkinlikte, DP\u00dc \u00f6\u011fretim g\u00f6revlileri taraf\u0131ndan Karaba\u011f Zaferi\u2019nin tarih\u00ee \u00f6nemi ve T\u00fcrk d\u00fcnyas\u0131 a\u00e7\u0131s\u0131ndan ta\u015f\u0131d\u0131\u011f\u0131 anlam anlat\u0131ld\u0131. Program, \u00fcniversite \u00f6\u011frencileri ve davetlilerden yo\u011fun ilgi g\u00f6rd\u00fc. K\u00fctahya \u0130l K\u00fclt\u00fcr ve&#8230;<\/p>\n","protected":false},"author":1,"featured_media":64972,"comment_status":"open","ping_status":"open","sticky":false,"template":"","format":"standard","meta":{"_crdt_document":"","footnotes":""},"categories":[123],"tags":[],"class_list":["post-64971","post","type-post","status-publish","format-standard","has-post-thumbnail","hentry","category-gundem"],"_links":{"self":[{"href":"https:\/\/www.egemtv.com\/index.php?rest_route=\/wp\/v2\/posts\/64971","targetHints":{"allow":["GET"]}}],"collection":[{"href":"https:\/\/www.egemtv.com\/index.php?rest_route=\/wp\/v2\/posts"}],"about":[{"href":"https:\/\/www.egemtv.com\/index.php?rest_route=\/wp\/v2\/types\/post"}],"author":[{"embeddable":true,"href":"https:\/\/www.egemtv.com\/index.php?rest_route=\/wp\/v2\/users\/1"}],"replies":[{"embeddable":true,"href":"https:\/\/www.egemtv.com\/index.php?rest_route=%2Fwp%2Fv2%2Fcomments&post=64971"}],"version-history":[{"count":1,"href":"https:\/\/www.egemtv.com\/index.php?rest_route=\/wp\/v2\/posts\/64971\/revisions"}],"predecessor-version":[{"id":64973,"href":"https:\/\/www.egemtv.com\/index.php?rest_route=\/wp\/v2\/posts\/64971\/revisions\/64973"}],"wp:featuredmedia":[{"embeddable":true,"href":"https:\/\/www.egemtv.com\/index.php?rest_route=\/wp\/v2\/media\/64972"}],"wp:attachment":[{"href":"https:\/\/www.egemtv.com\/index.php?rest_route=%2Fwp%2Fv2%2Fmedia&parent=64971"}],"wp:term":[{"taxonomy":"category","embeddable":true,"href":"https:\/\/www.egemtv.com\/index.php?rest_route=%2Fwp%2Fv2%2Fcategories&post=64971"},{"taxonomy":"post_tag","embeddable":true,"href":"https:\/\/www.egemtv.com\/index.php?rest_route=%2Fwp%2Fv2%2Ftags&post=64971"}],"curies":[{"name":"wp","href":"https:\/\/api.w.org\/{rel}","templated":true}]}}