{"id":64968,"date":"2025-10-31T09:34:45","date_gmt":"2025-10-31T06:34:45","guid":{"rendered":"https:\/\/www.egemtv.com\/?p=64968"},"modified":"2025-10-31T09:34:45","modified_gmt":"2025-10-31T06:34:45","slug":"antikacilar-dernegi-baskani-adem-akgun-antikacilik-kutahyada-bir-kultur-haline-geldi","status":"publish","type":"post","link":"https:\/\/www.egemtv.com\/?p=64968","title":{"rendered":"Antikac\u0131lar Derne\u011fi Ba\u015fkan\u0131 Adem Akg\u00fcn: &#8220;Antikac\u0131l\u0131k K\u00fctahya\u2019da bir k\u00fclt\u00fcr haline geldi&#8221;"},"content":{"rendered":"<p>K\u00fctahya Antikac\u0131lar Derne\u011fi Ba\u015fkan\u0131 Adem Akg\u00fcn, antikac\u0131l\u0131\u011f\u0131n K\u00fctahya\u2019da bir k\u00fclt\u00fcr haline geldi\u011fini belirterek, \u015fehirde her ge\u00e7en g\u00fcn artan ilgi ve kat\u0131l\u0131mdan memnun olduklar\u0131n\u0131 s\u00f6yledi.<br \/>\n<br \/>Antikan\u0131n art\u0131k bir sanat dal\u0131 olarak kabul g\u00f6rd\u00fc\u011f\u00fcn\u00fc vurgulayan Akg\u00fcn, &#8220;\u0130nsanlar ge\u00e7mi\u015fte kulland\u0131klar\u0131 e\u015fyalar\u0131n k\u0131ymetini anlamaya ba\u015flad\u0131. Osmanl\u0131 d\u00f6neminden kalma \u00fcr\u00fcnler olsun, eski e\u015fyalar olsun, yeni nesiller bu \u00fcr\u00fcnleri pazarda g\u00f6rd\u00fck\u00e7e ge\u00e7mi\u015fle ba\u011f kuruyor. Bir kez gelen ziyaret\u00e7i mutlaka yeniden geliyor&#8221; dedi.<br \/>\n<br \/>K\u00fctahya\u2019daki antika pazarlar\u0131n\u0131n \u015fehir d\u0131\u015f\u0131ndan da yo\u011fun kat\u0131l\u0131m g\u00f6rd\u00fc\u011f\u00fcn\u00fc ifade eden Akg\u00fcn, &#8220;\u00dcr\u00fcnlerin b\u00fcy\u00fck b\u00f6l\u00fcm\u00fc \u015fehir d\u0131\u015f\u0131ndan geliyor ve burada el de\u011fi\u015ftiriyor. Her ay farkl\u0131 \u00fcr\u00fcnlerin sergilenmesi, vatanda\u015flar\u0131n ilgisini art\u0131r\u0131yor. Kat\u0131l\u0131m ve \u00e7e\u015fitlilik her ge\u00e7en ay art\u0131yor&#8221; diye konu\u015ftu.<br \/>\n<br \/>Yeni projeler \u00fczerinde \u00e7al\u0131\u015ft\u0131klar\u0131n\u0131 da belirten Akg\u00fcn, &#8220;Eksiklerimizi tamamlayarak daha b\u00fcy\u00fck etkinlikler d\u00fczenlemeyi planl\u0131yoruz. En b\u00fcy\u00fck hedefimiz, daha \u00f6nce iki y\u0131l \u00f6nce yapt\u0131\u011f\u0131m\u0131z gibi yeniden klasik otomobil ve nostaljik motor sergisi d\u00fczenlemek. Bu etkinlik T\u00fcrkiye genelinde b\u00fcy\u00fck ilgi g\u00f6rm\u00fc\u015ft\u00fc, yeniden ger\u00e7ekle\u015ftirmek istiyoruz&#8221; ifadelerini kulland\u0131.<br \/><\/p>\n","protected":false},"excerpt":{"rendered":"<p>K\u00fctahya Antikac\u0131lar Derne\u011fi Ba\u015fkan\u0131 Adem Akg\u00fcn, antikac\u0131l\u0131\u011f\u0131n K\u00fctahya\u2019da bir k\u00fclt\u00fcr haline geldi\u011fini belirterek, \u015fehirde her ge\u00e7en g\u00fcn artan ilgi ve kat\u0131l\u0131mdan memnun olduklar\u0131n\u0131 s\u00f6yledi. Antikan\u0131n art\u0131k bir sanat dal\u0131 olarak kabul g\u00f6rd\u00fc\u011f\u00fcn\u00fc vurgulayan Akg\u00fcn, &#8220;\u0130nsanlar ge\u00e7mi\u015fte kulland\u0131klar\u0131 e\u015fyalar\u0131n k\u0131ymetini anlamaya ba\u015flad\u0131. Osmanl\u0131 d\u00f6neminden kalma \u00fcr\u00fcnler olsun, eski e\u015fyalar olsun, yeni nesiller bu \u00fcr\u00fcnleri pazarda g\u00f6rd\u00fck\u00e7e&#8230;<\/p>\n","protected":false},"author":1,"featured_media":64969,"comment_status":"open","ping_status":"open","sticky":false,"template":"","format":"standard","meta":{"_crdt_document":"","footnotes":""},"categories":[1],"tags":[],"class_list":["post-64968","post","type-post","status-publish","format-standard","has-post-thumbnail","hentry","category-guncel"],"_links":{"self":[{"href":"https:\/\/www.egemtv.com\/index.php?rest_route=\/wp\/v2\/posts\/64968","targetHints":{"allow":["GET"]}}],"collection":[{"href":"https:\/\/www.egemtv.com\/index.php?rest_route=\/wp\/v2\/posts"}],"about":[{"href":"https:\/\/www.egemtv.com\/index.php?rest_route=\/wp\/v2\/types\/post"}],"author":[{"embeddable":true,"href":"https:\/\/www.egemtv.com\/index.php?rest_route=\/wp\/v2\/users\/1"}],"replies":[{"embeddable":true,"href":"https:\/\/www.egemtv.com\/index.php?rest_route=%2Fwp%2Fv2%2Fcomments&post=64968"}],"version-history":[{"count":1,"href":"https:\/\/www.egemtv.com\/index.php?rest_route=\/wp\/v2\/posts\/64968\/revisions"}],"predecessor-version":[{"id":64970,"href":"https:\/\/www.egemtv.com\/index.php?rest_route=\/wp\/v2\/posts\/64968\/revisions\/64970"}],"wp:featuredmedia":[{"embeddable":true,"href":"https:\/\/www.egemtv.com\/index.php?rest_route=\/wp\/v2\/media\/64969"}],"wp:attachment":[{"href":"https:\/\/www.egemtv.com\/index.php?rest_route=%2Fwp%2Fv2%2Fmedia&parent=64968"}],"wp:term":[{"taxonomy":"category","embeddable":true,"href":"https:\/\/www.egemtv.com\/index.php?rest_route=%2Fwp%2Fv2%2Fcategories&post=64968"},{"taxonomy":"post_tag","embeddable":true,"href":"https:\/\/www.egemtv.com\/index.php?rest_route=%2Fwp%2Fv2%2Ftags&post=64968"}],"curies":[{"name":"wp","href":"https:\/\/api.w.org\/{rel}","templated":true}]}}