{"id":64965,"date":"2025-10-31T09:34:44","date_gmt":"2025-10-31T06:34:44","guid":{"rendered":"https:\/\/www.egemtv.com\/?p=64965"},"modified":"2025-10-31T09:34:44","modified_gmt":"2025-10-31T06:34:44","slug":"burdurda-hafif-ticari-arac-devrildi-1-olu","status":"publish","type":"post","link":"https:\/\/www.egemtv.com\/?p=64965","title":{"rendered":"Burdur\u2019da hafif ticari ara\u00e7 devrildi: 1 \u00f6l\u00fc"},"content":{"rendered":"<p>Burdur\u2019un Bucak il\u00e7esinde s\u00fcr\u00fcc\u00fcs\u00fcn\u00fcn direksiyon hakimiyetini kaybetmesi sonucu hafif ticari ara\u00e7 kontrolden \u00e7\u0131karak devrildi. Kazada ara\u00e7 s\u00fcr\u00fcc\u00fcs\u00fc olay yerinde hayat\u0131n\u0131 kaybetti.<br \/>\n<br \/>Kaza, gece saatlerinde Antalya-Isparta kara yolu Karg\u0131 k\u00f6y\u00fc mevkii yak\u0131nlar\u0131nda meydana geldi. Edinilen bilgilere g\u00f6re, 24 ya\u015f\u0131ndaki Mustafa Enes Karaca idaresindeki 15 RA 559 plakal\u0131 hafif ticari ara\u00e7, s\u00fcr\u00fcc\u00fcs\u00fcn\u00fcn direksiyon hakimiyetini kaybetmesinin ard\u0131ndan yoldan \u00e7\u0131karak takla att\u0131. Kazada gen\u00e7 s\u00fcr\u00fcc\u00fc hayat\u0131n\u0131 kaybetti. \u0130hbar \u00fczerine olay yerine itfaiye, sa\u011fl\u0131k ve jandarma ekipleri sevk edildi. Ekipler taraf\u0131ndan yap\u0131lan incelemenin ard\u0131ndan Karaca\u2019n\u0131n cans\u0131z bedeni Bucak Devlet Hastanesi morguna g\u00f6t\u00fcr\u00fcld\u00fc.<br \/>\n<br \/>Kazayla ilgili tahkikat ba\u015flat\u0131ld\u0131.<br \/><\/p>\n","protected":false},"excerpt":{"rendered":"<p>Burdur\u2019un Bucak il\u00e7esinde s\u00fcr\u00fcc\u00fcs\u00fcn\u00fcn direksiyon hakimiyetini kaybetmesi sonucu hafif ticari ara\u00e7 kontrolden \u00e7\u0131karak devrildi. Kazada ara\u00e7 s\u00fcr\u00fcc\u00fcs\u00fc olay yerinde hayat\u0131n\u0131 kaybetti. Kaza, gece saatlerinde Antalya-Isparta kara yolu Karg\u0131 k\u00f6y\u00fc mevkii yak\u0131nlar\u0131nda meydana geldi. Edinilen bilgilere g\u00f6re, 24 ya\u015f\u0131ndaki Mustafa Enes Karaca idaresindeki 15 RA 559 plakal\u0131 hafif ticari ara\u00e7, s\u00fcr\u00fcc\u00fcs\u00fcn\u00fcn direksiyon hakimiyetini kaybetmesinin ard\u0131ndan yoldan&#8230;<\/p>\n","protected":false},"author":1,"featured_media":64966,"comment_status":"open","ping_status":"open","sticky":false,"template":"","format":"standard","meta":{"_crdt_document":"","footnotes":""},"categories":[5],"tags":[],"class_list":["post-64965","post","type-post","status-publish","format-standard","has-post-thumbnail","hentry","category-asayis"],"_links":{"self":[{"href":"https:\/\/www.egemtv.com\/index.php?rest_route=\/wp\/v2\/posts\/64965","targetHints":{"allow":["GET"]}}],"collection":[{"href":"https:\/\/www.egemtv.com\/index.php?rest_route=\/wp\/v2\/posts"}],"about":[{"href":"https:\/\/www.egemtv.com\/index.php?rest_route=\/wp\/v2\/types\/post"}],"author":[{"embeddable":true,"href":"https:\/\/www.egemtv.com\/index.php?rest_route=\/wp\/v2\/users\/1"}],"replies":[{"embeddable":true,"href":"https:\/\/www.egemtv.com\/index.php?rest_route=%2Fwp%2Fv2%2Fcomments&post=64965"}],"version-history":[{"count":1,"href":"https:\/\/www.egemtv.com\/index.php?rest_route=\/wp\/v2\/posts\/64965\/revisions"}],"predecessor-version":[{"id":64967,"href":"https:\/\/www.egemtv.com\/index.php?rest_route=\/wp\/v2\/posts\/64965\/revisions\/64967"}],"wp:featuredmedia":[{"embeddable":true,"href":"https:\/\/www.egemtv.com\/index.php?rest_route=\/wp\/v2\/media\/64966"}],"wp:attachment":[{"href":"https:\/\/www.egemtv.com\/index.php?rest_route=%2Fwp%2Fv2%2Fmedia&parent=64965"}],"wp:term":[{"taxonomy":"category","embeddable":true,"href":"https:\/\/www.egemtv.com\/index.php?rest_route=%2Fwp%2Fv2%2Fcategories&post=64965"},{"taxonomy":"post_tag","embeddable":true,"href":"https:\/\/www.egemtv.com\/index.php?rest_route=%2Fwp%2Fv2%2Ftags&post=64965"}],"curies":[{"name":"wp","href":"https:\/\/api.w.org\/{rel}","templated":true}]}}