{"id":64962,"date":"2025-10-31T08:54:45","date_gmt":"2025-10-31T05:54:45","guid":{"rendered":"https:\/\/www.egemtv.com\/?p=64962"},"modified":"2025-10-31T08:54:46","modified_gmt":"2025-10-31T05:54:46","slug":"usakta-cip-ile-otomobil-carpisti-2-olu-3-yarali","status":"publish","type":"post","link":"https:\/\/www.egemtv.com\/?p=64962","title":{"rendered":"U\u015fak\u2019ta cip ile otomobil \u00e7arp\u0131\u015ft\u0131: 2 \u00f6l\u00fc, 3 yaral\u0131"},"content":{"rendered":"<p>U\u015fak\u2019ta cip ile otomobilin \u00e7arp\u0131\u015fmas\u0131 sonucu 2 ki\u015fi hayat\u0131n\u0131 kaybederken, 3 ki\u015fi ise yaraland\u0131.<br \/>\n<br \/>Kaza, E\u015fme-Kula karayolu \u00fczerinde meydana geldi. Edinilen bilgilere g\u00f6re, M.T. (34) idaresindeki 45 AY 717 plakal\u0131 cip, kar\u015f\u0131 y\u00f6nden gelen Sad\u0131k Arslan (76) y\u00f6netimindeki 64 ER 239 plakal\u0131 otomobil ile \u00e7arp\u0131\u015ft\u0131. \u00c7arp\u0131\u015fman\u0131n etkisiyle otomobil alev ald\u0131.<br \/>\n<br \/>\u00c7evredeki vatanda\u015flar\u0131n durumu 112 Acil \u00c7a\u011fr\u0131 Merkezi\u2019ne bildirmesi \u00fczerine b\u00f6lgeye 112 sa\u011fl\u0131k, itfaiye ve polis ekipleri sevk edildi. \u0130tfaiye ekiplerince alev alan otomobil s\u00f6nd\u00fcr\u00fcl\u00fcrken, 112 sa\u011fl\u0131k ekiplerince ise otomobil s\u00fcr\u00fcc\u00fcs\u00fc Sad\u0131k Arslan\u2019\u0131n hayat\u0131n\u0131 kaybetti\u011fi belirlendi.<br \/>\n<br \/>112 sa\u011fl\u0131k ekipleri, ard\u0131ndan otomobil s\u00fcr\u00fcc\u00fcs\u00fcn\u00fcn e\u015fi Arz\u0131 Arslan (72) ile cip s\u00fcr\u00fcc\u00fcs\u00fc ve cipte yolcu konumunda bulunan A.K. (39) ve S.K. (35)\u2019yi E\u015fme Devlet Hastanesi\u2019ne kald\u0131rd\u0131.<br \/>\n<br \/>Otomobil s\u00fcr\u00fcc\u00fcs\u00fcn\u00fcn e\u015fi Arz\u0131 Arslan, burada yap\u0131lan t\u00fcm m\u00fcdahalelere ra\u011fmen hayat\u0131n\u0131 kaybetti.<br \/>\n<br \/>\u00d6te yandan, kazayla ilgili inceleme ba\u015flat\u0131ld\u0131\u011f\u0131 \u00f6\u011frenildi.<br \/><\/p>\n","protected":false},"excerpt":{"rendered":"<p>U\u015fak\u2019ta cip ile otomobilin \u00e7arp\u0131\u015fmas\u0131 sonucu 2 ki\u015fi hayat\u0131n\u0131 kaybederken, 3 ki\u015fi ise yaraland\u0131. Kaza, E\u015fme-Kula karayolu \u00fczerinde meydana geldi. Edinilen bilgilere g\u00f6re, M.T. (34) idaresindeki 45 AY 717 plakal\u0131 cip, kar\u015f\u0131 y\u00f6nden gelen Sad\u0131k Arslan (76) y\u00f6netimindeki 64 ER 239 plakal\u0131 otomobil ile \u00e7arp\u0131\u015ft\u0131. \u00c7arp\u0131\u015fman\u0131n etkisiyle otomobil alev ald\u0131. \u00c7evredeki vatanda\u015flar\u0131n durumu 112 Acil&#8230;<\/p>\n","protected":false},"author":1,"featured_media":64963,"comment_status":"open","ping_status":"open","sticky":false,"template":"","format":"standard","meta":{"_crdt_document":"","footnotes":""},"categories":[5],"tags":[],"class_list":["post-64962","post","type-post","status-publish","format-standard","has-post-thumbnail","hentry","category-asayis"],"_links":{"self":[{"href":"https:\/\/www.egemtv.com\/index.php?rest_route=\/wp\/v2\/posts\/64962","targetHints":{"allow":["GET"]}}],"collection":[{"href":"https:\/\/www.egemtv.com\/index.php?rest_route=\/wp\/v2\/posts"}],"about":[{"href":"https:\/\/www.egemtv.com\/index.php?rest_route=\/wp\/v2\/types\/post"}],"author":[{"embeddable":true,"href":"https:\/\/www.egemtv.com\/index.php?rest_route=\/wp\/v2\/users\/1"}],"replies":[{"embeddable":true,"href":"https:\/\/www.egemtv.com\/index.php?rest_route=%2Fwp%2Fv2%2Fcomments&post=64962"}],"version-history":[{"count":1,"href":"https:\/\/www.egemtv.com\/index.php?rest_route=\/wp\/v2\/posts\/64962\/revisions"}],"predecessor-version":[{"id":64964,"href":"https:\/\/www.egemtv.com\/index.php?rest_route=\/wp\/v2\/posts\/64962\/revisions\/64964"}],"wp:featuredmedia":[{"embeddable":true,"href":"https:\/\/www.egemtv.com\/index.php?rest_route=\/wp\/v2\/media\/64963"}],"wp:attachment":[{"href":"https:\/\/www.egemtv.com\/index.php?rest_route=%2Fwp%2Fv2%2Fmedia&parent=64962"}],"wp:term":[{"taxonomy":"category","embeddable":true,"href":"https:\/\/www.egemtv.com\/index.php?rest_route=%2Fwp%2Fv2%2Fcategories&post=64962"},{"taxonomy":"post_tag","embeddable":true,"href":"https:\/\/www.egemtv.com\/index.php?rest_route=%2Fwp%2Fv2%2Ftags&post=64962"}],"curies":[{"name":"wp","href":"https:\/\/api.w.org\/{rel}","templated":true}]}}