{"id":64959,"date":"2025-10-31T08:54:45","date_gmt":"2025-10-31T05:54:45","guid":{"rendered":"https:\/\/www.egemtv.com\/?p=64959"},"modified":"2025-10-31T08:54:45","modified_gmt":"2025-10-31T05:54:45","slug":"sahil-guvenlik-ekipleri-yaralanan-sahsi-kurtardi","status":"publish","type":"post","link":"https:\/\/www.egemtv.com\/?p=64959","title":{"rendered":"Sahil g\u00fcvenlik ekipleri yaralanan \u015fahs\u0131 kurtard\u0131"},"content":{"rendered":"<p>Ayd\u0131n\u2019\u0131n Ku\u015fadas\u0131 il\u00e7esinde karadan ula\u015f\u0131m\u0131 olmayan b\u00f6lgede yaralanan bir \u015fah\u0131s Sahil G\u00fcvenlik ekipleri taraf\u0131ndan kurtar\u0131ld\u0131.<\/p>\n<p>Edinilen bilgiye g\u00f6re, Ku\u015fadas\u0131 il\u00e7esi Ku\u015ftur Plaj\u0131 mevkiinde karadan ula\u015f\u0131m\u0131 olmayan bir b\u00f6lgede yaralanan 1 \u015fahs\u0131n t\u0131bbi tahliyesi Sahil G\u00fcvenlik ekipleri taraf\u0131ndan ger\u00e7ekle\u015ftirildi. Sa\u011fl\u0131k ekiplerine teslim edilen \u015fah\u0131s hastaneye kald\u0131r\u0131larak tedavi alt\u0131na al\u0131nd\u0131.<br \/><\/p>\n","protected":false},"excerpt":{"rendered":"<p>Ayd\u0131n\u2019\u0131n Ku\u015fadas\u0131 il\u00e7esinde karadan ula\u015f\u0131m\u0131 olmayan b\u00f6lgede yaralanan bir \u015fah\u0131s Sahil G\u00fcvenlik ekipleri taraf\u0131ndan kurtar\u0131ld\u0131. Edinilen bilgiye g\u00f6re, Ku\u015fadas\u0131 il\u00e7esi Ku\u015ftur Plaj\u0131 mevkiinde karadan ula\u015f\u0131m\u0131 olmayan bir b\u00f6lgede yaralanan 1 \u015fahs\u0131n t\u0131bbi tahliyesi Sahil G\u00fcvenlik ekipleri taraf\u0131ndan ger\u00e7ekle\u015ftirildi. Sa\u011fl\u0131k ekiplerine teslim edilen \u015fah\u0131s hastaneye kald\u0131r\u0131larak tedavi alt\u0131na al\u0131nd\u0131.<\/p>\n","protected":false},"author":1,"featured_media":64960,"comment_status":"open","ping_status":"open","sticky":false,"template":"","format":"standard","meta":{"_crdt_document":"","footnotes":""},"categories":[5],"tags":[],"class_list":["post-64959","post","type-post","status-publish","format-standard","has-post-thumbnail","hentry","category-asayis"],"_links":{"self":[{"href":"https:\/\/www.egemtv.com\/index.php?rest_route=\/wp\/v2\/posts\/64959","targetHints":{"allow":["GET"]}}],"collection":[{"href":"https:\/\/www.egemtv.com\/index.php?rest_route=\/wp\/v2\/posts"}],"about":[{"href":"https:\/\/www.egemtv.com\/index.php?rest_route=\/wp\/v2\/types\/post"}],"author":[{"embeddable":true,"href":"https:\/\/www.egemtv.com\/index.php?rest_route=\/wp\/v2\/users\/1"}],"replies":[{"embeddable":true,"href":"https:\/\/www.egemtv.com\/index.php?rest_route=%2Fwp%2Fv2%2Fcomments&post=64959"}],"version-history":[{"count":1,"href":"https:\/\/www.egemtv.com\/index.php?rest_route=\/wp\/v2\/posts\/64959\/revisions"}],"predecessor-version":[{"id":64961,"href":"https:\/\/www.egemtv.com\/index.php?rest_route=\/wp\/v2\/posts\/64959\/revisions\/64961"}],"wp:featuredmedia":[{"embeddable":true,"href":"https:\/\/www.egemtv.com\/index.php?rest_route=\/wp\/v2\/media\/64960"}],"wp:attachment":[{"href":"https:\/\/www.egemtv.com\/index.php?rest_route=%2Fwp%2Fv2%2Fmedia&parent=64959"}],"wp:term":[{"taxonomy":"category","embeddable":true,"href":"https:\/\/www.egemtv.com\/index.php?rest_route=%2Fwp%2Fv2%2Fcategories&post=64959"},{"taxonomy":"post_tag","embeddable":true,"href":"https:\/\/www.egemtv.com\/index.php?rest_route=%2Fwp%2Fv2%2Ftags&post=64959"}],"curies":[{"name":"wp","href":"https:\/\/api.w.org\/{rel}","templated":true}]}}