{"id":64953,"date":"2025-10-31T01:34:51","date_gmt":"2025-10-30T22:34:51","guid":{"rendered":"https:\/\/www.egemtv.com\/?p=64953"},"modified":"2025-10-31T01:34:52","modified_gmt":"2025-10-30T22:34:52","slug":"esiyle-kavga-etti-otomobiliyle-birlikte-kendini-atese-verdi","status":"publish","type":"post","link":"https:\/\/www.egemtv.com\/?p=64953","title":{"rendered":"E\u015fiyle kavga etti, otomobiliyle birlikte kendini ate\u015fe verdi"},"content":{"rendered":"<p>\u0130zmir\u2019in Bornova il\u00e7esinde bir ki\u015fi, iddiaya g\u00f6re e\u015fiyle ya\u015fad\u0131\u011f\u0131 sorunlar sonras\u0131 sinir krizi ge\u00e7irip otomobilini ate\u015fe verdi. Alevlerin aras\u0131nda kalan \u015fah\u0131s a\u011f\u0131r yaralan\u0131rken, polis ekipleri olayla ilgili soru\u015fturma ba\u015flatt\u0131.<br \/>\n<br \/>Olay saat 22.10 s\u0131ralar\u0131nda Barbaros Mahallesi 5454 Sokak\u2019ta meydana geldi. Edinilen bilgiye g\u00f6re \u0130lhan \u00d6. (63), park halindeki arac\u0131n\u0131 benzin d\u00f6kerek ate\u015fe verdi. Meydana gelen yang\u0131nda alevlerin aras\u0131nda kalan \u0130lhan \u00d6. a\u011f\u0131r yaral\u0131 olarak hastaneye kald\u0131r\u0131ld\u0131. Yaral\u0131n\u0131n hayati tehlikesinin bulundu\u011fu \u00f6\u011frenildi. \u0130lk incelemelere g\u00f6re, \u0130lhan \u00d6.\u2019n\u00fcn e\u015fiyle ya\u015fad\u0131\u011f\u0131 sorunlar nedeniyle intihar giri\u015fiminde bulundu\u011fu de\u011ferlendirildi.<br \/>\n<br \/>Polis ekiplerince olayla ilgili geni\u015f \u00e7apl\u0131 inceleme ba\u015flat\u0131ld\u0131.<br \/><\/p>\n","protected":false},"excerpt":{"rendered":"<p>\u0130zmir\u2019in Bornova il\u00e7esinde bir ki\u015fi, iddiaya g\u00f6re e\u015fiyle ya\u015fad\u0131\u011f\u0131 sorunlar sonras\u0131 sinir krizi ge\u00e7irip otomobilini ate\u015fe verdi. Alevlerin aras\u0131nda kalan \u015fah\u0131s a\u011f\u0131r yaralan\u0131rken, polis ekipleri olayla ilgili soru\u015fturma ba\u015flatt\u0131. Olay saat 22.10 s\u0131ralar\u0131nda Barbaros Mahallesi 5454 Sokak\u2019ta meydana geldi. Edinilen bilgiye g\u00f6re \u0130lhan \u00d6. (63), park halindeki arac\u0131n\u0131 benzin d\u00f6kerek ate\u015fe verdi. Meydana gelen yang\u0131nda&#8230;<\/p>\n","protected":false},"author":1,"featured_media":64954,"comment_status":"open","ping_status":"open","sticky":false,"template":"","format":"standard","meta":{"_crdt_document":"","footnotes":""},"categories":[5],"tags":[],"class_list":["post-64953","post","type-post","status-publish","format-standard","has-post-thumbnail","hentry","category-asayis"],"_links":{"self":[{"href":"https:\/\/www.egemtv.com\/index.php?rest_route=\/wp\/v2\/posts\/64953","targetHints":{"allow":["GET"]}}],"collection":[{"href":"https:\/\/www.egemtv.com\/index.php?rest_route=\/wp\/v2\/posts"}],"about":[{"href":"https:\/\/www.egemtv.com\/index.php?rest_route=\/wp\/v2\/types\/post"}],"author":[{"embeddable":true,"href":"https:\/\/www.egemtv.com\/index.php?rest_route=\/wp\/v2\/users\/1"}],"replies":[{"embeddable":true,"href":"https:\/\/www.egemtv.com\/index.php?rest_route=%2Fwp%2Fv2%2Fcomments&post=64953"}],"version-history":[{"count":1,"href":"https:\/\/www.egemtv.com\/index.php?rest_route=\/wp\/v2\/posts\/64953\/revisions"}],"predecessor-version":[{"id":64955,"href":"https:\/\/www.egemtv.com\/index.php?rest_route=\/wp\/v2\/posts\/64953\/revisions\/64955"}],"wp:featuredmedia":[{"embeddable":true,"href":"https:\/\/www.egemtv.com\/index.php?rest_route=\/wp\/v2\/media\/64954"}],"wp:attachment":[{"href":"https:\/\/www.egemtv.com\/index.php?rest_route=%2Fwp%2Fv2%2Fmedia&parent=64953"}],"wp:term":[{"taxonomy":"category","embeddable":true,"href":"https:\/\/www.egemtv.com\/index.php?rest_route=%2Fwp%2Fv2%2Fcategories&post=64953"},{"taxonomy":"post_tag","embeddable":true,"href":"https:\/\/www.egemtv.com\/index.php?rest_route=%2Fwp%2Fv2%2Ftags&post=64953"}],"curies":[{"name":"wp","href":"https:\/\/api.w.org\/{rel}","templated":true}]}}