{"id":64950,"date":"2025-10-30T23:55:51","date_gmt":"2025-10-30T20:55:51","guid":{"rendered":"https:\/\/www.egemtv.com\/?p=64950"},"modified":"2025-10-30T23:55:52","modified_gmt":"2025-10-30T20:55:52","slug":"vali-hanim-belgeseli-izleyiciyle-bulustu","status":"publish","type":"post","link":"https:\/\/www.egemtv.com\/?p=64950","title":{"rendered":"&#8220;Vali Han\u0131m&#8221; belgeseli izleyiciyle bulu\u015ftu"},"content":{"rendered":"<p>T\u00fcrkiye\u2019nin ilk kad\u0131n valisi Lale Aytaman\u2019\u0131n ya\u015fam\u0131n\u0131 konu alan &#8220;Vali Han\u0131m&#8221; belgeseli, Mu\u011fla B\u00fcy\u00fck\u015fehir Belediyesi\u2019nin ev sahipli\u011finde Gazi Mustafa Kemal Atat\u00fcrk K\u00fclt\u00fcr Merkezi\u2019nde g\u00f6sterildi.<br \/>\n<br \/>Mu\u011fla B\u00fcy\u00fck\u015fehir Belediyesi taraf\u0131ndan d\u00fczenlenen etkinlikte, T\u00fcrkiye\u2019nin ilk kad\u0131n valisi Lale Aytaman\u2019\u0131n ya\u015fam \u00f6yk\u00fcs\u00fcn\u00fc anlatan &#8220;Vali Han\u0131m&#8221; belgeseli g\u00f6sterildi. Y\u00f6netmenli\u011fini G\u00fclay Ayy\u0131ld\u0131z Yi\u011fitcan\u2019\u0131n, yap\u0131mc\u0131l\u0131\u011f\u0131n\u0131 ise \u00d6zlem \u00d6zdemir\u2019in \u00fcstlendi\u011fi belgesel, Mente\u015fe\u2019deki Gazi Mustafa Kemal Atat\u00fcrk K\u00fclt\u00fcr Merkezi Y\u0131ld\u0131z Kenter Sahnesi\u2019nde izleyiciyle bulu\u015ftu.<br \/>\n<br \/>Belgesel \u00f6ncesi Mu\u011fla Valisi Dr. \u0130dris Akb\u0131y\u0131k, Mu\u011fla B\u00fcy\u00fck\u015fehir Belediye Ba\u015fkan\u0131 Ahmet Aras, T\u00fcrkiye\u2019nin ilk kad\u0131n valisi Lale Aytaman ve Mente\u015fe Belediye Ba\u015fkan\u0131 Gonca K\u00f6ksal Aras konu\u015fma yapt\u0131.<br \/>\n<br \/>Akb\u0131y\u0131k: &#8220;Lale Aytaman t\u00fcm T\u00fcrkiye\u2019nin gururudur&#8221;<br \/>\n<br \/>Mu\u011fla Valisi Dr. \u0130dris Akb\u0131y\u0131k, konu\u015fmas\u0131nda Lale Aytaman\u2019\u0131n T\u00fcrk idare tarihinde \u00f6zel bir yere sahip oldu\u011funu vurgulay\u0131p,  &#8220;Valilik g\u00f6revini bir kad\u0131n \u00fcstlendi\u011finde adaletin, duyarl\u0131l\u0131\u011f\u0131n ve insan merkezli y\u00f6netimin oldu\u011funu s\u00f6ylemek istiyorum. Say\u0131n Lale Aytaman Han\u0131mefendi yaln\u0131zca Mu\u011fla\u2019n\u0131n de\u011fil, t\u00fcm T\u00fcrkiye\u2019nin gururudur. Cumhuriyet tarihimizin ilk kad\u0131n vali unvan\u0131n\u0131 kazanm\u0131\u015f, 1995 y\u0131l\u0131na kadar 4 y\u0131l boyunca Mu\u011fla\u2019m\u0131zda b\u00fcy\u00fck bir co\u015fkuyla g\u00f6rev yapm\u0131\u015ft\u0131r. G\u00f6rev s\u00fcresince \u00e7evreye, k\u00fclt\u00fcre, turizme ve kad\u0131n giri\u015fimcili\u011fine verdi\u011fi \u00f6ncelik, Mu\u011fla\u2019n\u0131n geli\u015fimine y\u00f6n vermi\u015ftir&#8221; dedi.<br \/>\n<br \/>Aras: &#8220;T\u00fcm \u00f6nyarg\u0131lar\u0131 k\u0131rd\u0131&#8221;<br \/>\n<br \/>Mu\u011fla B\u00fcy\u00fck\u015fehir Belediye Ba\u015fkan\u0131 Ahmet Aras, T\u00fcrkiye\u2019nin ilk kad\u0131n valisinin g\u00f6revine Mu\u011fla\u2019da ba\u015flamas\u0131n\u0131n kendileri i\u00e7in b\u00fcy\u00fck bir gurur oldu\u011funu belirterek \u015funlar\u0131 s\u00f6yledi:<br \/>\n<br \/>&#8220;T\u00fcrkiye\u2019nin ilk kad\u0131n valisinin g\u00f6reve Mu\u011fla\u2019da ba\u015flamas\u0131 bizim i\u00e7in \u00e7ok b\u00fcy\u00fck bir gurur kayna\u011f\u0131. \u0130lkler hep \u00e7ok izlenir; \u2018Ba\u015far\u0131l\u0131 olacak m\u0131?\u2019 diye merak edilir. Ger\u00e7ekten Lale Valim, t\u00fcm \u00f6nyarg\u0131lar\u0131 k\u0131rarak t\u00fcm kentlerde kad\u0131nlar\u0131n \u00f6n\u00fcn\u00fc a\u00e7m\u0131\u015ft\u0131r.&#8221;<br \/>\n<br \/>Aytaman: &#8220;Mu\u011fla\u2019dan kopmad\u0131m&#8221;<br \/>\n<br \/>T\u00fcrkiye\u2019nin ilk kad\u0131n valisi Lale Aytaman, valilik s\u00fcrecine ve kad\u0131nlar\u0131n y\u00f6netimdeki \u00f6nemine de\u011findi. Cumhuriyetin kazand\u0131rd\u0131\u011f\u0131 de\u011ferlerin kendisine y\u00f6n verdi\u011fini belirten Aytaman, \u015funlar\u0131 s\u00f6yledi:<br \/>\n<br \/>&#8220;Kad\u0131ndan da vali olur muydu? Nas\u0131l olacakm\u0131\u015f? diyenlerin de sorular\u0131 ile birlikte, o ki\u015finin o g\u00fcnlere nas\u0131l gelmi\u015f, nas\u0131l bir birikimle bu i\u015fi g\u00f6t\u00fcrme cesaretini \u00fcstlenmi\u015f birisi oldu\u011funu g\u00f6stermek istedik. B\u00fct\u00fcn ya\u015fam\u0131m boyunca cumhuriyetin b\u00fct\u00fcn de\u011ferlerine sahip \u00e7\u0131kmaya \u00e7al\u0131\u015fan bir aileden yeti\u015fen bir cumhuriyet k\u0131z\u0131y\u0131m. Dolay\u0131s\u0131yla Ata\u2019m\u0131z\u0131n, bu milletin t\u00fcm niteliklerini kavrayarak o g\u00fcnlerde g\u00fc\u00e7l\u00fckler i\u00e7inde nas\u0131l g\u00fc\u00e7 birli\u011fi olu\u015fturdu\u011funu idrak ederek, onun a\u00e7t\u0131\u011f\u0131 yolda ben de elimden gelen ba\u015far\u0131 g\u00f6stergesini sunmak istedim. Bu irade ile hep ko\u015ftum ve \u00e7al\u0131\u015ft\u0131m.&#8221;<\/p>\n<p>Kad\u0131nlar\u0131n her alanda daha fazla yer almas\u0131 gerekti\u011fini vurgulayan Aytaman, &#8220;Kad\u0131n da erkek de cumhuriyete \u00e7ok \u015fey bor\u00e7lu. Hepimiz elimizden geleni yapmak zorunday\u0131z. Arkada kalm\u0131\u015f kad\u0131nlar\u0131 da biz y\u00f6neticiler el birli\u011fiyle \u00f6ne \u00e7\u0131karmak zorunday\u0131z. Kad\u0131n istihdam\u0131 i\u00e7in ne yapabiliriz derken Mu\u011fla\u2019n\u0131n el sanatlar\u0131 ortaya \u00e7\u0131kt\u0131. Biz ne zaman kad\u0131n erkek bir araya geliriz, bizim milletimizin \u00fcst\u00fcnde bir millet daha g\u00f6remiyorum&#8221; dedi.<br \/>\n<br \/>Mu\u011fla\u2019n\u0131n hayat\u0131ndaki yerinin her zaman \u00f6zel oldu\u011funu vurgulayan Aytaman, konu\u015fmas\u0131n\u0131 \u015fu s\u00f6zlerle tamamlad\u0131: &#8220;Mu\u011fla \u00e7ok \u00f6zel bir yer. Mu\u011fla\u2019dan kopmad\u0131m. Her \u015feyi izliyorum. Hep g\u00f6nl\u00fcmdesiniz.&#8221;<br \/>\n<br \/>K\u00f6ksal Aras: &#8220;Kad\u0131nlar yapabilir, bunu ba\u015far\u0131yla kan\u0131tlad\u0131&#8221;<br \/>\n<br \/>Mente\u015fe Belediye Ba\u015fkan\u0131 Gonca K\u00f6ksal Aras ise konu\u015fmas\u0131nda Lale Aytaman\u2019\u0131n Cumhuriyet\u2019in kad\u0131nlara kazand\u0131rd\u0131\u011f\u0131 en k\u0131ymetli \u00f6rneklerden biri oldu\u011funu belirterek, &#8220;Bug\u00fcn burada, T\u00fcrkiye\u2019nin ilk kad\u0131n valisi olarak Cumhuriyet tarihine ad\u0131n\u0131 alt\u0131n harflerle yazd\u0131rm\u0131\u015f; yaln\u0131zca \u00fclkemizin de\u011fil, biz Mu\u011flal\u0131lar\u0131n g\u00f6nl\u00fcnde de bamba\u015fka bir yere sahip olan Say\u0131n Lale Aytaman\u2019\u0131 a\u011f\u0131rlaman\u0131n mutlulu\u011funu ya\u015f\u0131yoruz. Lale Han\u0131m, Cumhuriyet\u2019in kad\u0131nlara kazand\u0131rd\u0131\u011f\u0131 en k\u0131ymetli \u00f6rneklerden biridir. Mu\u011fla\u2019n\u0131n do\u011fas\u0131na, k\u00fclt\u00fcr\u00fcne, el sanatlar\u0131na ve tarihine b\u00fcy\u00fck de\u011fer katm\u0131\u015f; ayn\u0131 zamanda kad\u0131nlar\u0131n y\u00f6netimde yer almas\u0131n\u0131n m\u00fcmk\u00fcn ve gerekli oldu\u011funu t\u00fcm T\u00fcrkiye\u2019ye g\u00f6stermi\u015ftir. \u2018Kad\u0131nlar yapabilir.\u2019 demi\u015f ve bunu ba\u015far\u0131lar\u0131yla kan\u0131tlam\u0131\u015ft\u0131r,&#8221; dedi.<br \/><\/p>\n","protected":false},"excerpt":{"rendered":"<p>T\u00fcrkiye\u2019nin ilk kad\u0131n valisi Lale Aytaman\u2019\u0131n ya\u015fam\u0131n\u0131 konu alan &#8220;Vali Han\u0131m&#8221; belgeseli, Mu\u011fla B\u00fcy\u00fck\u015fehir Belediyesi\u2019nin ev sahipli\u011finde Gazi Mustafa Kemal Atat\u00fcrk K\u00fclt\u00fcr Merkezi\u2019nde g\u00f6sterildi. Mu\u011fla B\u00fcy\u00fck\u015fehir Belediyesi taraf\u0131ndan d\u00fczenlenen etkinlikte, T\u00fcrkiye\u2019nin ilk kad\u0131n valisi Lale Aytaman\u2019\u0131n ya\u015fam \u00f6yk\u00fcs\u00fcn\u00fc anlatan &#8220;Vali Han\u0131m&#8221; belgeseli g\u00f6sterildi. Y\u00f6netmenli\u011fini G\u00fclay Ayy\u0131ld\u0131z Yi\u011fitcan\u2019\u0131n, yap\u0131mc\u0131l\u0131\u011f\u0131n\u0131 ise \u00d6zlem \u00d6zdemir\u2019in \u00fcstlendi\u011fi belgesel, Mente\u015fe\u2019deki Gazi&#8230;<\/p>\n","protected":false},"author":1,"featured_media":64951,"comment_status":"open","ping_status":"open","sticky":false,"template":"","format":"standard","meta":{"_crdt_document":"","footnotes":""},"categories":[1],"tags":[],"class_list":["post-64950","post","type-post","status-publish","format-standard","has-post-thumbnail","hentry","category-guncel"],"_links":{"self":[{"href":"https:\/\/www.egemtv.com\/index.php?rest_route=\/wp\/v2\/posts\/64950","targetHints":{"allow":["GET"]}}],"collection":[{"href":"https:\/\/www.egemtv.com\/index.php?rest_route=\/wp\/v2\/posts"}],"about":[{"href":"https:\/\/www.egemtv.com\/index.php?rest_route=\/wp\/v2\/types\/post"}],"author":[{"embeddable":true,"href":"https:\/\/www.egemtv.com\/index.php?rest_route=\/wp\/v2\/users\/1"}],"replies":[{"embeddable":true,"href":"https:\/\/www.egemtv.com\/index.php?rest_route=%2Fwp%2Fv2%2Fcomments&post=64950"}],"version-history":[{"count":1,"href":"https:\/\/www.egemtv.com\/index.php?rest_route=\/wp\/v2\/posts\/64950\/revisions"}],"predecessor-version":[{"id":64952,"href":"https:\/\/www.egemtv.com\/index.php?rest_route=\/wp\/v2\/posts\/64950\/revisions\/64952"}],"wp:featuredmedia":[{"embeddable":true,"href":"https:\/\/www.egemtv.com\/index.php?rest_route=\/wp\/v2\/media\/64951"}],"wp:attachment":[{"href":"https:\/\/www.egemtv.com\/index.php?rest_route=%2Fwp%2Fv2%2Fmedia&parent=64950"}],"wp:term":[{"taxonomy":"category","embeddable":true,"href":"https:\/\/www.egemtv.com\/index.php?rest_route=%2Fwp%2Fv2%2Fcategories&post=64950"},{"taxonomy":"post_tag","embeddable":true,"href":"https:\/\/www.egemtv.com\/index.php?rest_route=%2Fwp%2Fv2%2Ftags&post=64950"}],"curies":[{"name":"wp","href":"https:\/\/api.w.org\/{rel}","templated":true}]}}