{"id":64947,"date":"2025-10-30T23:14:42","date_gmt":"2025-10-30T20:14:42","guid":{"rendered":"https:\/\/www.egemtv.com\/?p=64947"},"modified":"2025-10-30T23:14:43","modified_gmt":"2025-10-30T20:14:43","slug":"uydu-tamircisi-apartman-bosluguna-duserek-hayatini-kaybetti","status":"publish","type":"post","link":"https:\/\/www.egemtv.com\/?p=64947","title":{"rendered":"Uydu tamircisi apartman bo\u015flu\u011funa d\u00fc\u015ferek hayat\u0131n\u0131 kaybetti"},"content":{"rendered":"<p>\u0130zmir\u2019de bir apartmana uydu anteni takmak i\u00e7in giden tamirci, \u00e7at\u0131dan apartman bo\u015flu\u011funa d\u00fc\u015ferek ya\u015fam\u0131n\u0131 yitirdi.<br \/>\n<br \/>Olay, saat 19.15 s\u0131ralar\u0131nda Konak il\u00e7esi Mimar Sinan Mahallesi\u2019nde bulunan bir apartmanda meydana geldi. Edinilen bilgiye g\u00f6re, uydu tamircisi \u015eerif Ahmet \u00c7i\u00e7ek (42), internet \u00fczerinden ald\u0131\u011f\u0131 sipari\u015f \u00fczerine uydu anteni takmak i\u00e7in adrese gitti. Uydu antenini takt\u0131rmak i\u00e7in \u00c7i\u00e7ek\u2019i \u00e7a\u011f\u0131ran apartman sakini K.N., kablo sark\u0131tmak amac\u0131yla \u00e7at\u0131ya \u00e7\u0131kan tamirciden bir s\u00fcre haber alamamas\u0131 \u00fczerine kontrol etmek i\u00e7in \u00e7at\u0131ya \u00e7\u0131kt\u0131. K.N., burada eternet cihaz\u0131n\u0131n k\u0131r\u0131ld\u0131\u011f\u0131n\u0131 ve bir adet ayakkab\u0131 g\u00f6rd\u00fc\u011f\u00fcn\u00fc fark etti.<br \/>\n<br \/>\u0130hbar \u00fczerine olay yerine sa\u011fl\u0131k ve polis ekipleri sevk edildi. Apartman bo\u015flu\u011funu kontrol eden ekipler, \u015eerif Ahmet \u00c7i\u00e7ek\u2019in y\u00fcz\u00fcst\u00fc \u015fekilde hareketsiz yatt\u0131\u011f\u0131n\u0131 tespit etti. Olay yerine gelen 112 Acil Sa\u011fl\u0131k ekiplerince yap\u0131lan kontrolde, \u00c7i\u00e7ek\u2019in hayat\u0131n\u0131 kaybetti\u011fi belirlendi. Talihsiz adam\u0131n cans\u0131z bedeni yap\u0131lan incelemenin ard\u0131ndan \u0130zmir Adli T\u0131p Kurumu morguna kald\u0131r\u0131ld\u0131.<br \/>\n<br \/>Olayla ilgili inceleme ba\u015flat\u0131ld\u0131.<br \/><\/p>\n","protected":false},"excerpt":{"rendered":"<p>\u0130zmir\u2019de bir apartmana uydu anteni takmak i\u00e7in giden tamirci, \u00e7at\u0131dan apartman bo\u015flu\u011funa d\u00fc\u015ferek ya\u015fam\u0131n\u0131 yitirdi. Olay, saat 19.15 s\u0131ralar\u0131nda Konak il\u00e7esi Mimar Sinan Mahallesi\u2019nde bulunan bir apartmanda meydana geldi. Edinilen bilgiye g\u00f6re, uydu tamircisi \u015eerif Ahmet \u00c7i\u00e7ek (42), internet \u00fczerinden ald\u0131\u011f\u0131 sipari\u015f \u00fczerine uydu anteni takmak i\u00e7in adrese gitti. Uydu antenini takt\u0131rmak i\u00e7in \u00c7i\u00e7ek\u2019i \u00e7a\u011f\u0131ran&#8230;<\/p>\n","protected":false},"author":1,"featured_media":64948,"comment_status":"open","ping_status":"open","sticky":false,"template":"","format":"standard","meta":{"_crdt_document":"","footnotes":""},"categories":[5],"tags":[],"class_list":["post-64947","post","type-post","status-publish","format-standard","has-post-thumbnail","hentry","category-asayis"],"_links":{"self":[{"href":"https:\/\/www.egemtv.com\/index.php?rest_route=\/wp\/v2\/posts\/64947","targetHints":{"allow":["GET"]}}],"collection":[{"href":"https:\/\/www.egemtv.com\/index.php?rest_route=\/wp\/v2\/posts"}],"about":[{"href":"https:\/\/www.egemtv.com\/index.php?rest_route=\/wp\/v2\/types\/post"}],"author":[{"embeddable":true,"href":"https:\/\/www.egemtv.com\/index.php?rest_route=\/wp\/v2\/users\/1"}],"replies":[{"embeddable":true,"href":"https:\/\/www.egemtv.com\/index.php?rest_route=%2Fwp%2Fv2%2Fcomments&post=64947"}],"version-history":[{"count":1,"href":"https:\/\/www.egemtv.com\/index.php?rest_route=\/wp\/v2\/posts\/64947\/revisions"}],"predecessor-version":[{"id":64949,"href":"https:\/\/www.egemtv.com\/index.php?rest_route=\/wp\/v2\/posts\/64947\/revisions\/64949"}],"wp:featuredmedia":[{"embeddable":true,"href":"https:\/\/www.egemtv.com\/index.php?rest_route=\/wp\/v2\/media\/64948"}],"wp:attachment":[{"href":"https:\/\/www.egemtv.com\/index.php?rest_route=%2Fwp%2Fv2%2Fmedia&parent=64947"}],"wp:term":[{"taxonomy":"category","embeddable":true,"href":"https:\/\/www.egemtv.com\/index.php?rest_route=%2Fwp%2Fv2%2Fcategories&post=64947"},{"taxonomy":"post_tag","embeddable":true,"href":"https:\/\/www.egemtv.com\/index.php?rest_route=%2Fwp%2Fv2%2Ftags&post=64947"}],"curies":[{"name":"wp","href":"https:\/\/api.w.org\/{rel}","templated":true}]}}