{"id":64944,"date":"2025-10-30T22:54:53","date_gmt":"2025-10-30T19:54:53","guid":{"rendered":"https:\/\/www.egemtv.com\/?p=64944"},"modified":"2025-10-30T22:54:54","modified_gmt":"2025-10-30T19:54:54","slug":"nazillide-kizilay-haftasi-renkli-goruntulerle-kutlandi","status":"publish","type":"post","link":"https:\/\/www.egemtv.com\/?p=64944","title":{"rendered":"Nazilli\u2019de K\u0131z\u0131lay Haftas\u0131 renkli g\u00f6r\u00fcnt\u00fclerle kutland\u0131"},"content":{"rendered":"<p>Ayd\u0131n\u2019\u0131n Nazilli il\u00e7esinde K\u0131z\u0131lay Haftas\u0131 nedeniyle T\u00fcrk K\u0131z\u0131lay\u0131 Nazilli \u015eubesi ve Fatih \u0130lkokulu taraf\u0131ndan kutlama etkinli\u011fi yap\u0131ld\u0131.<\/p>\n<p>K\u0131z\u0131lay Nazilli \u015eube Ba\u015fkan\u0131 Mevl\u00fct G\u00fcnay ve Fatih \u0130lkokulu M\u00fcd\u00fcr\u00fc Ali \u0130hsan Karakaya\u2019n\u0131n ev sahipli\u011finde d\u00fczenlenen etkinli\u011fe Kaymakam Huriye K\u00fcpeli Kan, Belediye Ba\u015fkan Vekili Ay\u015fe Bozdo\u011fan Kantar, \u0130l\u00e7e Jandarma Komutan\u0131 Y\u00fczba\u015f\u0131 Ahmet Refik \u00d6zsoy, Nazilli \u0130l\u00e7e Milli E\u011fitim M\u00fcd\u00fcr\u00fc \u0130smail \u015eim\u015fek, Daire M\u00fcd\u00fcrleri, \u015fube m\u00fcd\u00fcrleri, okul m\u00fcd\u00fcrleri, \u00f6\u011fretmenler, \u00f6\u011frenciler ve veliler kat\u0131ld\u0131. \u00c7ocuklar\u0131n sundu\u011fu ve yine \u00e7ocuklar\u0131n \u015fiirleri ve \u00e7e\u015fitli g\u00f6sterileri ile renklendirdi\u011fi programda T\u00fcrk K\u0131z\u0131lay\u0131\u2019n\u0131n kurulu\u015f amac\u0131 ve ilkeleri de anlat\u0131ld\u0131. K\u0131z\u0131lay ile ilgili yap\u0131lan resim yar\u0131\u015fmas\u0131nda dereceye giren \u00f6\u011frencilere ba\u011f\u0131\u015f\u00e7\u0131lar taraf\u0131ndan al\u0131nan tabletler Kaymakam Kan taraf\u0131ndan takdim edildi.<\/p>\n<p>K\u0131z\u0131lay Nazilli \u015eube Ba\u015fkan\u0131 Mevl\u00fct G\u00fcnay, K\u0131z\u0131lay\u2019\u0131n kurulu\u015f amac\u0131 ile birlikte g\u00fcn\u00fcm\u00fcze kadar geli\u015fimini anlatt\u0131. G\u00fcnay ayr\u0131ca insaniyet, tarafs\u0131zl\u0131k, ba\u011f\u0131ms\u0131zl\u0131k, g\u00f6n\u00fcll\u00fcl\u00fck, birlik, evrensellik ve saydaml\u0131k \u015feklindeki K\u0131z\u0131lay\u2019\u0131n 7 temel ilkesini de \u00f6\u011frencilere ve protokol \u00fcyelerine anlatt\u0131. G\u00fcnay, konu\u015fmas\u0131nda K\u0131z\u0131lay\u2019\u0131n isminin Hilal-i Ahmer oldu\u011fu d\u00f6nemde 1919 y\u0131l\u0131nda Nazilli\u2019de 250 yatakl\u0131 bir hastane a\u00e7t\u0131\u011f\u0131n\u0131 ve bu hastanenin 2 y\u0131l hizmet verdi\u011fini belirtti. Etkinlikte konuklara a\u015fure ikram edildi.<br \/><\/p>\n","protected":false},"excerpt":{"rendered":"<p>Ayd\u0131n\u2019\u0131n Nazilli il\u00e7esinde K\u0131z\u0131lay Haftas\u0131 nedeniyle T\u00fcrk K\u0131z\u0131lay\u0131 Nazilli \u015eubesi ve Fatih \u0130lkokulu taraf\u0131ndan kutlama etkinli\u011fi yap\u0131ld\u0131. K\u0131z\u0131lay Nazilli \u015eube Ba\u015fkan\u0131 Mevl\u00fct G\u00fcnay ve Fatih \u0130lkokulu M\u00fcd\u00fcr\u00fc Ali \u0130hsan Karakaya\u2019n\u0131n ev sahipli\u011finde d\u00fczenlenen etkinli\u011fe Kaymakam Huriye K\u00fcpeli Kan, Belediye Ba\u015fkan Vekili Ay\u015fe Bozdo\u011fan Kantar, \u0130l\u00e7e Jandarma Komutan\u0131 Y\u00fczba\u015f\u0131 Ahmet Refik \u00d6zsoy, Nazilli \u0130l\u00e7e Milli E\u011fitim&#8230;<\/p>\n","protected":false},"author":1,"featured_media":64945,"comment_status":"open","ping_status":"open","sticky":false,"template":"","format":"standard","meta":{"_crdt_document":"","footnotes":""},"categories":[1],"tags":[],"class_list":["post-64944","post","type-post","status-publish","format-standard","has-post-thumbnail","hentry","category-guncel"],"_links":{"self":[{"href":"https:\/\/www.egemtv.com\/index.php?rest_route=\/wp\/v2\/posts\/64944","targetHints":{"allow":["GET"]}}],"collection":[{"href":"https:\/\/www.egemtv.com\/index.php?rest_route=\/wp\/v2\/posts"}],"about":[{"href":"https:\/\/www.egemtv.com\/index.php?rest_route=\/wp\/v2\/types\/post"}],"author":[{"embeddable":true,"href":"https:\/\/www.egemtv.com\/index.php?rest_route=\/wp\/v2\/users\/1"}],"replies":[{"embeddable":true,"href":"https:\/\/www.egemtv.com\/index.php?rest_route=%2Fwp%2Fv2%2Fcomments&post=64944"}],"version-history":[{"count":1,"href":"https:\/\/www.egemtv.com\/index.php?rest_route=\/wp\/v2\/posts\/64944\/revisions"}],"predecessor-version":[{"id":64946,"href":"https:\/\/www.egemtv.com\/index.php?rest_route=\/wp\/v2\/posts\/64944\/revisions\/64946"}],"wp:featuredmedia":[{"embeddable":true,"href":"https:\/\/www.egemtv.com\/index.php?rest_route=\/wp\/v2\/media\/64945"}],"wp:attachment":[{"href":"https:\/\/www.egemtv.com\/index.php?rest_route=%2Fwp%2Fv2%2Fmedia&parent=64944"}],"wp:term":[{"taxonomy":"category","embeddable":true,"href":"https:\/\/www.egemtv.com\/index.php?rest_route=%2Fwp%2Fv2%2Fcategories&post=64944"},{"taxonomy":"post_tag","embeddable":true,"href":"https:\/\/www.egemtv.com\/index.php?rest_route=%2Fwp%2Fv2%2Ftags&post=64944"}],"curies":[{"name":"wp","href":"https:\/\/api.w.org\/{rel}","templated":true}]}}