{"id":64941,"date":"2025-10-30T22:14:52","date_gmt":"2025-10-30T19:14:52","guid":{"rendered":"https:\/\/www.egemtv.com\/?p=64941"},"modified":"2025-10-30T22:14:53","modified_gmt":"2025-10-30T19:14:53","slug":"anten-tamir-ederken-catidan-dusup-hayatini-kaybetti","status":"publish","type":"post","link":"https:\/\/www.egemtv.com\/?p=64941","title":{"rendered":"Anten tamir ederken \u00e7at\u0131dan d\u00fc\u015f\u00fcp hayat\u0131n\u0131 kaybetti"},"content":{"rendered":"<p>Burdur\u2019da anten tamir ederken \u00e7at\u0131dan d\u00fc\u015fen televizyon tamircisi hayat\u0131n\u0131 kaybetti.<br \/>\n<br \/>Olay, saat 19.30 s\u0131ralar\u0131nda \u00d6zg\u00fcr Mahallesi Tabak Sokak \u00fczerinde meydana geldi. Edinilen bilgiye g\u00f6re, televizyon ve radyo tamircisi Ramazan Evcil (61), d\u00fckkan\u0131n bulundu\u011fu 5 katl\u0131 apartman\u0131n \u00e7at\u0131s\u0131nda anten tamir etti\u011fi s\u0131rada dengesini kaybetti. Evcil, apartman\u0131n bah\u00e7esinde bulunan tek katl\u0131 deponun \u00e7at\u0131s\u0131ndan i\u00e7eriye d\u00fc\u015ft\u00fc. G\u00fcr\u00fclt\u00fcy\u00fc duyan vatanda\u015flar\u0131n ihbar\u0131 \u00fczerine adrese itfaiye, sa\u011fl\u0131k ve polis ekipleri sevk edildi. \u0130tfaiye ekipleri taraf\u0131ndan deponun kap\u0131s\u0131 a\u00e7\u0131l\u0131rken i\u00e7eriye giren ekipler Evcil\u2019in cans\u0131z bedeni ile kar\u015f\u0131la\u015ft\u0131. Yap\u0131lan incelemenin ard\u0131ndan Evcil\u2019in cenazesi otopsi yap\u0131lmak \u00fczere Burdur Devlet Hastanesi morguna g\u00f6t\u00fcr\u00fcld\u00fc.<br \/>\n<br \/>Olayla ilgili tahkikat ba\u015flat\u0131ld\u0131.<br \/><\/p>\n","protected":false},"excerpt":{"rendered":"<p>Burdur\u2019da anten tamir ederken \u00e7at\u0131dan d\u00fc\u015fen televizyon tamircisi hayat\u0131n\u0131 kaybetti. Olay, saat 19.30 s\u0131ralar\u0131nda \u00d6zg\u00fcr Mahallesi Tabak Sokak \u00fczerinde meydana geldi. Edinilen bilgiye g\u00f6re, televizyon ve radyo tamircisi Ramazan Evcil (61), d\u00fckkan\u0131n bulundu\u011fu 5 katl\u0131 apartman\u0131n \u00e7at\u0131s\u0131nda anten tamir etti\u011fi s\u0131rada dengesini kaybetti. Evcil, apartman\u0131n bah\u00e7esinde bulunan tek katl\u0131 deponun \u00e7at\u0131s\u0131ndan i\u00e7eriye d\u00fc\u015ft\u00fc. G\u00fcr\u00fclt\u00fcy\u00fc duyan&#8230;<\/p>\n","protected":false},"author":1,"featured_media":64942,"comment_status":"open","ping_status":"open","sticky":false,"template":"","format":"standard","meta":{"_crdt_document":"","footnotes":""},"categories":[5],"tags":[],"class_list":["post-64941","post","type-post","status-publish","format-standard","has-post-thumbnail","hentry","category-asayis"],"_links":{"self":[{"href":"https:\/\/www.egemtv.com\/index.php?rest_route=\/wp\/v2\/posts\/64941","targetHints":{"allow":["GET"]}}],"collection":[{"href":"https:\/\/www.egemtv.com\/index.php?rest_route=\/wp\/v2\/posts"}],"about":[{"href":"https:\/\/www.egemtv.com\/index.php?rest_route=\/wp\/v2\/types\/post"}],"author":[{"embeddable":true,"href":"https:\/\/www.egemtv.com\/index.php?rest_route=\/wp\/v2\/users\/1"}],"replies":[{"embeddable":true,"href":"https:\/\/www.egemtv.com\/index.php?rest_route=%2Fwp%2Fv2%2Fcomments&post=64941"}],"version-history":[{"count":1,"href":"https:\/\/www.egemtv.com\/index.php?rest_route=\/wp\/v2\/posts\/64941\/revisions"}],"predecessor-version":[{"id":64943,"href":"https:\/\/www.egemtv.com\/index.php?rest_route=\/wp\/v2\/posts\/64941\/revisions\/64943"}],"wp:featuredmedia":[{"embeddable":true,"href":"https:\/\/www.egemtv.com\/index.php?rest_route=\/wp\/v2\/media\/64942"}],"wp:attachment":[{"href":"https:\/\/www.egemtv.com\/index.php?rest_route=%2Fwp%2Fv2%2Fmedia&parent=64941"}],"wp:term":[{"taxonomy":"category","embeddable":true,"href":"https:\/\/www.egemtv.com\/index.php?rest_route=%2Fwp%2Fv2%2Fcategories&post=64941"},{"taxonomy":"post_tag","embeddable":true,"href":"https:\/\/www.egemtv.com\/index.php?rest_route=%2Fwp%2Fv2%2Ftags&post=64941"}],"curies":[{"name":"wp","href":"https:\/\/api.w.org\/{rel}","templated":true}]}}