{"id":64938,"date":"2025-10-30T21:35:57","date_gmt":"2025-10-30T18:35:57","guid":{"rendered":"https:\/\/www.egemtv.com\/?p=64938"},"modified":"2025-10-30T21:35:58","modified_gmt":"2025-10-30T18:35:58","slug":"manisa-fk-amed-sportif-faaliyetler-maci-hazirliklarina-basladi","status":"publish","type":"post","link":"https:\/\/www.egemtv.com\/?p=64938","title":{"rendered":"Manisa FK, Amed Sportif Faaliyetler ma\u00e7\u0131 haz\u0131rl\u0131klar\u0131na ba\u015flad\u0131"},"content":{"rendered":"<p>Manisa Futbol Kul\u00fcb\u00fc, Trendyol 1. Lig 12. hafta m\u00fccadelesinde sahas\u0131nda kar\u015f\u0131la\u015faca\u011f\u0131 Amed Sportif Faaliyetler ma\u00e7\u0131n\u0131n haz\u0131rl\u0131klar\u0131na ba\u015flad\u0131.<br \/>\n<br \/>Manisa Futbol Kul\u00fcb\u00fc, Trendyol 1. Lig 12. hafta m\u00fccadelesinde sahas\u0131nda Amed Sportif Faaliyetler ile kar\u015f\u0131la\u015facak. Manisa FK, 2 Kas\u0131m Pazar g\u00fcn\u00fc saat 13.30\u2019da Manisa 19 May\u0131s Stadyumu\u2019nda oynanacak kar\u015f\u0131la\u015fman\u0131n haz\u0131rl\u0131klar\u0131na bug\u00fcn ger\u00e7ekle\u015ftirdi\u011fi antrenmanla ba\u015flad\u0131. Teknik Direkt\u00f6r Taner Ta\u015fk\u0131n y\u00f6netiminde ger\u00e7ekle\u015fen antrenman \u0131s\u0131nma hareketleri ve top kapma oyunuyla ba\u015flad\u0131. Antrenman dar alan oyunlar\u0131n\u0131n ard\u0131ndan taktik \u00e7al\u0131\u015fmayla sona erdi.<br \/>\n<br \/>Siyah-beyazl\u0131lar, yar\u0131n yapaca\u011f\u0131 antrenmanla Amed Sportif Faaliyetler ma\u00e7\u0131n\u0131n haz\u0131rl\u0131klar\u0131n\u0131 s\u00fcrd\u00fcrecek.<br \/><\/p>\n","protected":false},"excerpt":{"rendered":"<p>Manisa Futbol Kul\u00fcb\u00fc, Trendyol 1. Lig 12. hafta m\u00fccadelesinde sahas\u0131nda kar\u015f\u0131la\u015faca\u011f\u0131 Amed Sportif Faaliyetler ma\u00e7\u0131n\u0131n haz\u0131rl\u0131klar\u0131na ba\u015flad\u0131. Manisa Futbol Kul\u00fcb\u00fc, Trendyol 1. Lig 12. hafta m\u00fccadelesinde sahas\u0131nda Amed Sportif Faaliyetler ile kar\u015f\u0131la\u015facak. Manisa FK, 2 Kas\u0131m Pazar g\u00fcn\u00fc saat 13.30\u2019da Manisa 19 May\u0131s Stadyumu\u2019nda oynanacak kar\u015f\u0131la\u015fman\u0131n haz\u0131rl\u0131klar\u0131na bug\u00fcn ger\u00e7ekle\u015ftirdi\u011fi antrenmanla ba\u015flad\u0131. Teknik Direkt\u00f6r Taner Ta\u015fk\u0131n&#8230;<\/p>\n","protected":false},"author":1,"featured_media":64939,"comment_status":"open","ping_status":"open","sticky":false,"template":"","format":"standard","meta":{"_crdt_document":"","footnotes":""},"categories":[4],"tags":[],"class_list":["post-64938","post","type-post","status-publish","format-standard","has-post-thumbnail","hentry","category-spor"],"_links":{"self":[{"href":"https:\/\/www.egemtv.com\/index.php?rest_route=\/wp\/v2\/posts\/64938","targetHints":{"allow":["GET"]}}],"collection":[{"href":"https:\/\/www.egemtv.com\/index.php?rest_route=\/wp\/v2\/posts"}],"about":[{"href":"https:\/\/www.egemtv.com\/index.php?rest_route=\/wp\/v2\/types\/post"}],"author":[{"embeddable":true,"href":"https:\/\/www.egemtv.com\/index.php?rest_route=\/wp\/v2\/users\/1"}],"replies":[{"embeddable":true,"href":"https:\/\/www.egemtv.com\/index.php?rest_route=%2Fwp%2Fv2%2Fcomments&post=64938"}],"version-history":[{"count":1,"href":"https:\/\/www.egemtv.com\/index.php?rest_route=\/wp\/v2\/posts\/64938\/revisions"}],"predecessor-version":[{"id":64940,"href":"https:\/\/www.egemtv.com\/index.php?rest_route=\/wp\/v2\/posts\/64938\/revisions\/64940"}],"wp:featuredmedia":[{"embeddable":true,"href":"https:\/\/www.egemtv.com\/index.php?rest_route=\/wp\/v2\/media\/64939"}],"wp:attachment":[{"href":"https:\/\/www.egemtv.com\/index.php?rest_route=%2Fwp%2Fv2%2Fmedia&parent=64938"}],"wp:term":[{"taxonomy":"category","embeddable":true,"href":"https:\/\/www.egemtv.com\/index.php?rest_route=%2Fwp%2Fv2%2Fcategories&post=64938"},{"taxonomy":"post_tag","embeddable":true,"href":"https:\/\/www.egemtv.com\/index.php?rest_route=%2Fwp%2Fv2%2Ftags&post=64938"}],"curies":[{"name":"wp","href":"https:\/\/api.w.org\/{rel}","templated":true}]}}