{"id":64935,"date":"2025-10-30T20:15:51","date_gmt":"2025-10-30T17:15:51","guid":{"rendered":"https:\/\/www.egemtv.com\/?p=64935"},"modified":"2025-10-30T20:15:52","modified_gmt":"2025-10-30T17:15:52","slug":"kocatepenin-sis-altindaki-goruntusu","status":"publish","type":"post","link":"https:\/\/www.egemtv.com\/?p=64935","title":{"rendered":"Kocatepe\u2019nin sis alt\u0131ndaki g\u00f6r\u00fcnt\u00fcs\u00fc"},"content":{"rendered":"<p>B\u00fcy\u00fck Taarruzun ba\u015flad\u0131\u011f\u0131 Afyonkarahisar Kocatepe\u2019nin sisleri i\u00e7erisindeki g\u00f6r\u00fcnt\u00fcs\u00fc b\u00fcy\u00fck be\u011feni toplad\u0131.<br \/>\n<br \/>T\u00fcrk Kurtulu\u015f Sava\u015f\u0131\u2019n\u0131n destan\u0131n\u0131n yaz\u0131ld\u0131\u011f\u0131 Kocatepe her mevsim ayr\u0131 bir g\u00fczelli\u011fi ile \u00f6ne \u00e7\u0131k\u0131yor. Kocatepe\u2019nin ve Atat\u00fcrk An\u0131t\u0131\u2019n\u0131n sisler alt\u0131nda kald\u0131\u011f\u0131 anlar Afyon Kocatepe \u00dcniversitesi (AK\u00dc) Bas\u0131n Yay\u0131n ve Halkla \u0130li\u015fkiler M\u00fcd\u00fcrl\u00fc\u011f\u00fc Ara\u015ft\u0131rma G\u00f6revlisi Hakan Y\u0131lmaz taraf\u0131ndan g\u00f6r\u00fcnt\u00fclendi. \u00d6zellikle sosyal medyada b\u00fcy\u00fck be\u011feni toplayan g\u00f6r\u00fcnt\u00fcler g\u00f6renleri mest etti.<br \/><\/p>\n","protected":false},"excerpt":{"rendered":"<p>B\u00fcy\u00fck Taarruzun ba\u015flad\u0131\u011f\u0131 Afyonkarahisar Kocatepe\u2019nin sisleri i\u00e7erisindeki g\u00f6r\u00fcnt\u00fcs\u00fc b\u00fcy\u00fck be\u011feni toplad\u0131. T\u00fcrk Kurtulu\u015f Sava\u015f\u0131\u2019n\u0131n destan\u0131n\u0131n yaz\u0131ld\u0131\u011f\u0131 Kocatepe her mevsim ayr\u0131 bir g\u00fczelli\u011fi ile \u00f6ne \u00e7\u0131k\u0131yor. Kocatepe\u2019nin ve Atat\u00fcrk An\u0131t\u0131\u2019n\u0131n sisler alt\u0131nda kald\u0131\u011f\u0131 anlar Afyon Kocatepe \u00dcniversitesi (AK\u00dc) Bas\u0131n Yay\u0131n ve Halkla \u0130li\u015fkiler M\u00fcd\u00fcrl\u00fc\u011f\u00fc Ara\u015ft\u0131rma G\u00f6revlisi Hakan Y\u0131lmaz taraf\u0131ndan g\u00f6r\u00fcnt\u00fclendi. \u00d6zellikle sosyal medyada b\u00fcy\u00fck be\u011feni toplayan&#8230;<\/p>\n","protected":false},"author":1,"featured_media":64936,"comment_status":"open","ping_status":"open","sticky":false,"template":"","format":"standard","meta":{"_crdt_document":"","footnotes":""},"categories":[1],"tags":[],"class_list":["post-64935","post","type-post","status-publish","format-standard","has-post-thumbnail","hentry","category-guncel"],"_links":{"self":[{"href":"https:\/\/www.egemtv.com\/index.php?rest_route=\/wp\/v2\/posts\/64935","targetHints":{"allow":["GET"]}}],"collection":[{"href":"https:\/\/www.egemtv.com\/index.php?rest_route=\/wp\/v2\/posts"}],"about":[{"href":"https:\/\/www.egemtv.com\/index.php?rest_route=\/wp\/v2\/types\/post"}],"author":[{"embeddable":true,"href":"https:\/\/www.egemtv.com\/index.php?rest_route=\/wp\/v2\/users\/1"}],"replies":[{"embeddable":true,"href":"https:\/\/www.egemtv.com\/index.php?rest_route=%2Fwp%2Fv2%2Fcomments&post=64935"}],"version-history":[{"count":1,"href":"https:\/\/www.egemtv.com\/index.php?rest_route=\/wp\/v2\/posts\/64935\/revisions"}],"predecessor-version":[{"id":64937,"href":"https:\/\/www.egemtv.com\/index.php?rest_route=\/wp\/v2\/posts\/64935\/revisions\/64937"}],"wp:featuredmedia":[{"embeddable":true,"href":"https:\/\/www.egemtv.com\/index.php?rest_route=\/wp\/v2\/media\/64936"}],"wp:attachment":[{"href":"https:\/\/www.egemtv.com\/index.php?rest_route=%2Fwp%2Fv2%2Fmedia&parent=64935"}],"wp:term":[{"taxonomy":"category","embeddable":true,"href":"https:\/\/www.egemtv.com\/index.php?rest_route=%2Fwp%2Fv2%2Fcategories&post=64935"},{"taxonomy":"post_tag","embeddable":true,"href":"https:\/\/www.egemtv.com\/index.php?rest_route=%2Fwp%2Fv2%2Ftags&post=64935"}],"curies":[{"name":"wp","href":"https:\/\/api.w.org\/{rel}","templated":true}]}}