{"id":64932,"date":"2025-10-30T20:15:50","date_gmt":"2025-10-30T17:15:50","guid":{"rendered":"https:\/\/www.egemtv.com\/?p=64932"},"modified":"2025-10-30T20:15:51","modified_gmt":"2025-10-30T17:15:51","slug":"hisarcikta-trafik-kazasi-4-yarali-2","status":"publish","type":"post","link":"https:\/\/www.egemtv.com\/?p=64932","title":{"rendered":"Hisarc\u0131k\u2019ta trafik kazas\u0131: 4 yaral\u0131"},"content":{"rendered":"<p>K\u00fctahya\u2019n\u0131n Hisarc\u0131k il\u00e7esinde, kamyonet ile arazi arac\u0131n\u0131n \u00e7arp\u0131\u015fmas\u0131 sonucu meydana gelen trafik kazas\u0131nda 4 ki\u015fi yaraland\u0131.<br \/>\n<br \/>Edinilen bilgiye g\u00f6re, \u0130.D idaresindeki 43 AER 854 plakal\u0131 kamyonet, Hisarc\u0131k-Emet karayolunun Hisersan yol ayr\u0131m\u0131nda, R.E\u2019nin kulland\u0131\u011f\u0131 16 AGS 845 plakal\u0131 spor ama\u00e7l\u0131 arazi arac\u0131 ile \u00e7arp\u0131\u015ft\u0131. \u00c7arpman\u0131n \u015fiddetiyle kamyonet takla att\u0131. \u0130hbar \u00fczerine kaza mahalline sa\u011fl\u0131k ve polis ekipleri sevk edildi. Kazada yaralanan ara\u00e7 s\u00fcr\u00fcc\u00fcleri \u0130.D ve R.E ile ara\u00e7larda yolcu olarak bulunan H.M.\u015e ve M.\u015e sa\u011fl\u0131k ekiplerince ambulansla Emet Dr. Faz\u0131l Do\u011fan Devlet Hastanesine sevk edilerek tedavi alt\u0131na al\u0131nd\u0131.<br \/>\n<br \/>Kazayla ilgili soru\u015fturma s\u00fcr\u00fcyor.<br \/><\/p>\n","protected":false},"excerpt":{"rendered":"<p>K\u00fctahya\u2019n\u0131n Hisarc\u0131k il\u00e7esinde, kamyonet ile arazi arac\u0131n\u0131n \u00e7arp\u0131\u015fmas\u0131 sonucu meydana gelen trafik kazas\u0131nda 4 ki\u015fi yaraland\u0131. Edinilen bilgiye g\u00f6re, \u0130.D idaresindeki 43 AER 854 plakal\u0131 kamyonet, Hisarc\u0131k-Emet karayolunun Hisersan yol ayr\u0131m\u0131nda, R.E\u2019nin kulland\u0131\u011f\u0131 16 AGS 845 plakal\u0131 spor ama\u00e7l\u0131 arazi arac\u0131 ile \u00e7arp\u0131\u015ft\u0131. \u00c7arpman\u0131n \u015fiddetiyle kamyonet takla att\u0131. \u0130hbar \u00fczerine kaza mahalline sa\u011fl\u0131k ve polis&#8230;<\/p>\n","protected":false},"author":1,"featured_media":64933,"comment_status":"open","ping_status":"open","sticky":false,"template":"","format":"standard","meta":{"_crdt_document":"","footnotes":""},"categories":[5],"tags":[],"class_list":["post-64932","post","type-post","status-publish","format-standard","has-post-thumbnail","hentry","category-asayis"],"_links":{"self":[{"href":"https:\/\/www.egemtv.com\/index.php?rest_route=\/wp\/v2\/posts\/64932","targetHints":{"allow":["GET"]}}],"collection":[{"href":"https:\/\/www.egemtv.com\/index.php?rest_route=\/wp\/v2\/posts"}],"about":[{"href":"https:\/\/www.egemtv.com\/index.php?rest_route=\/wp\/v2\/types\/post"}],"author":[{"embeddable":true,"href":"https:\/\/www.egemtv.com\/index.php?rest_route=\/wp\/v2\/users\/1"}],"replies":[{"embeddable":true,"href":"https:\/\/www.egemtv.com\/index.php?rest_route=%2Fwp%2Fv2%2Fcomments&post=64932"}],"version-history":[{"count":1,"href":"https:\/\/www.egemtv.com\/index.php?rest_route=\/wp\/v2\/posts\/64932\/revisions"}],"predecessor-version":[{"id":64934,"href":"https:\/\/www.egemtv.com\/index.php?rest_route=\/wp\/v2\/posts\/64932\/revisions\/64934"}],"wp:featuredmedia":[{"embeddable":true,"href":"https:\/\/www.egemtv.com\/index.php?rest_route=\/wp\/v2\/media\/64933"}],"wp:attachment":[{"href":"https:\/\/www.egemtv.com\/index.php?rest_route=%2Fwp%2Fv2%2Fmedia&parent=64932"}],"wp:term":[{"taxonomy":"category","embeddable":true,"href":"https:\/\/www.egemtv.com\/index.php?rest_route=%2Fwp%2Fv2%2Fcategories&post=64932"},{"taxonomy":"post_tag","embeddable":true,"href":"https:\/\/www.egemtv.com\/index.php?rest_route=%2Fwp%2Fv2%2Ftags&post=64932"}],"curies":[{"name":"wp","href":"https:\/\/api.w.org\/{rel}","templated":true}]}}