{"id":64929,"date":"2025-10-30T19:54:47","date_gmt":"2025-10-30T16:54:47","guid":{"rendered":"https:\/\/www.egemtv.com\/?p=64929"},"modified":"2025-10-30T19:54:48","modified_gmt":"2025-10-30T16:54:48","slug":"zafer-partisi-manisa-il-teskilatinda-toplu-istifa","status":"publish","type":"post","link":"https:\/\/www.egemtv.com\/?p=64929","title":{"rendered":"Zafer Partisi Manisa \u0130l Te\u015fkilat\u0131\u2019nda toplu istifa"},"content":{"rendered":"<p>Zafer Partisi Manisa \u0130l Te\u015fkilat\u0131\u2019nda, \u0130l Ba\u015fkan\u0131 Necdet Erik\u00e7i ba\u015fta olmak \u00fczere il y\u00f6netimi, gen\u00e7lik kollar\u0131, disiplin kurulu, bir\u00e7ok il\u00e7e ba\u015fkan\u0131 ve 2024 yerel se\u00e7imlerindeki adaylar\u0131n da aralar\u0131nda bulundu\u011fu yakla\u015f\u0131k 150 ki\u015fi, partiden topluca istifa etti. \u0130stifan\u0131n gerek\u00e7esi &#8220;fikir ayr\u0131l\u0131klar\u0131&#8221; olarak a\u00e7\u0131kland\u0131.<br \/>\n<br \/>Edinilen bilgiye g\u00f6re, Zafer Partisi Manisa te\u015fkilatlar\u0131nda bir s\u00fcredir devam eden fikir ayr\u0131l\u0131klar\u0131 toplu istifay\u0131 getirdi. \u0130stifa karar\u0131na ili\u015fkin yap\u0131lan ortak a\u00e7\u0131klamada, partide uzun s\u00fcredir b\u00fcy\u00fck emek verdikleri ancak gelinen noktada yollar\u0131 ay\u0131rman\u0131n &#8220;zorunlu hale geldi\u011fi&#8221; belirtildi. A\u00e7\u0131klamada, her t\u00fcrl\u00fc zorlu\u011fa ra\u011fmen inand\u0131klar\u0131 de\u011ferler u\u011fruna m\u00fccadele ettikleri, ancak bir s\u00fcredir ya\u015fanan fikir ayr\u0131l\u0131klar\u0131 nedeniyle bu karar\u0131n ka\u00e7\u0131n\u0131lmaz hale geldi\u011fi belirtilerek, m\u00fccadelelerini s\u00fcrd\u00fcrecekleri kaydedildi.<br \/>\n<br \/>\u0130stifa edenler aras\u0131nda Manisa \u0130l Ba\u015fkan\u0131 Necdet Erik\u00e7i, \u0130l Te\u015fkilat Ba\u015fkan\u0131 Alican Lopo\u011flu, \u0130l Sekreteri Kemal Tekcan G\u00fcne\u015f, \u0130l Ba\u015fkan Yard\u0131mc\u0131s\u0131 Mert G\u00f6r, \u0130l Gen\u00e7lik Kolu Ba\u015fkan\u0131 Serkan Egemen S\u0131vac\u0131 ve \u0130l Disiplin Kurulu Ba\u015fkan\u0131 U\u011fur \u00c7okluk gibi \u00f6nemli isimler yer ald\u0131.<br \/>\n<br \/>Ayr\u0131ca Yunusemre \u0130l\u00e7e Ba\u015fkan\u0131 Osman K\u0131l\u0131\u00e7, \u015eehzadeler \u0130l\u00e7e Ba\u015fkan\u0131 G\u00f6khan Parlak ile Akhisar, G\u00f6lmarmara ve K\u00f6pr\u00fcba\u015f\u0131 il\u00e7e te\u015fkilatlar\u0131 ve y\u00f6netimlerinin de istifa etti\u011fi \u00f6\u011frenildi. Manisa B\u00fcy\u00fck\u015fehir Belediye Ba\u015fkan Aday\u0131\u2019n\u0131n yan\u0131 s\u0131ra Soma, Akhisar, Yunusemre, K\u0131rka\u011fa\u00e7 gibi il\u00e7elerin belediye ba\u015fkan adaylar\u0131 ve \u00e7ok say\u0131da belediye meclis \u00fcyesi aday\u0131n\u0131n da istifas\u0131n\u0131 sundu\u011fu \u00f6ne s\u00fcr\u00fcld\u00fc.<br \/><\/p>\n","protected":false},"excerpt":{"rendered":"<p>Zafer Partisi Manisa \u0130l Te\u015fkilat\u0131\u2019nda, \u0130l Ba\u015fkan\u0131 Necdet Erik\u00e7i ba\u015fta olmak \u00fczere il y\u00f6netimi, gen\u00e7lik kollar\u0131, disiplin kurulu, bir\u00e7ok il\u00e7e ba\u015fkan\u0131 ve 2024 yerel se\u00e7imlerindeki adaylar\u0131n da aralar\u0131nda bulundu\u011fu yakla\u015f\u0131k 150 ki\u015fi, partiden topluca istifa etti. \u0130stifan\u0131n gerek\u00e7esi &#8220;fikir ayr\u0131l\u0131klar\u0131&#8221; olarak a\u00e7\u0131kland\u0131. Edinilen bilgiye g\u00f6re, Zafer Partisi Manisa te\u015fkilatlar\u0131nda bir s\u00fcredir devam eden fikir ayr\u0131l\u0131klar\u0131&#8230;<\/p>\n","protected":false},"author":1,"featured_media":64930,"comment_status":"open","ping_status":"open","sticky":false,"template":"","format":"standard","meta":{"_crdt_document":"","footnotes":""},"categories":[127],"tags":[],"class_list":["post-64929","post","type-post","status-publish","format-standard","has-post-thumbnail","hentry","category-siyaset"],"_links":{"self":[{"href":"https:\/\/www.egemtv.com\/index.php?rest_route=\/wp\/v2\/posts\/64929","targetHints":{"allow":["GET"]}}],"collection":[{"href":"https:\/\/www.egemtv.com\/index.php?rest_route=\/wp\/v2\/posts"}],"about":[{"href":"https:\/\/www.egemtv.com\/index.php?rest_route=\/wp\/v2\/types\/post"}],"author":[{"embeddable":true,"href":"https:\/\/www.egemtv.com\/index.php?rest_route=\/wp\/v2\/users\/1"}],"replies":[{"embeddable":true,"href":"https:\/\/www.egemtv.com\/index.php?rest_route=%2Fwp%2Fv2%2Fcomments&post=64929"}],"version-history":[{"count":1,"href":"https:\/\/www.egemtv.com\/index.php?rest_route=\/wp\/v2\/posts\/64929\/revisions"}],"predecessor-version":[{"id":64931,"href":"https:\/\/www.egemtv.com\/index.php?rest_route=\/wp\/v2\/posts\/64929\/revisions\/64931"}],"wp:featuredmedia":[{"embeddable":true,"href":"https:\/\/www.egemtv.com\/index.php?rest_route=\/wp\/v2\/media\/64930"}],"wp:attachment":[{"href":"https:\/\/www.egemtv.com\/index.php?rest_route=%2Fwp%2Fv2%2Fmedia&parent=64929"}],"wp:term":[{"taxonomy":"category","embeddable":true,"href":"https:\/\/www.egemtv.com\/index.php?rest_route=%2Fwp%2Fv2%2Fcategories&post=64929"},{"taxonomy":"post_tag","embeddable":true,"href":"https:\/\/www.egemtv.com\/index.php?rest_route=%2Fwp%2Fv2%2Ftags&post=64929"}],"curies":[{"name":"wp","href":"https:\/\/api.w.org\/{rel}","templated":true}]}}