{"id":64926,"date":"2025-10-30T19:34:41","date_gmt":"2025-10-30T16:34:41","guid":{"rendered":"https:\/\/www.egemtv.com\/?p=64926"},"modified":"2025-10-30T19:34:42","modified_gmt":"2025-10-30T16:34:42","slug":"salihlide-uyusturucu-operasyonu","status":"publish","type":"post","link":"https:\/\/www.egemtv.com\/?p=64926","title":{"rendered":"Salihli\u2019de uyu\u015fturucu operasyonu"},"content":{"rendered":"<p>Manisa\u2019n\u0131n Salihli il\u00e7esinde zehir tacirlerine y\u00f6nelik \u00e7al\u0131\u015fmalar\u0131n\u0131 s\u00fcrd\u00fcren jandarma ekiplerinin d\u00fczenledi\u011fi operasyonda, metamfetamin, kubar esrar, uyu\u015fturucu hap ve kurus\u0131k\u0131 tabanca ele ge\u00e7irildi.<br \/>\n<br \/>Manisa \u0130l Jandarma Komutanl\u0131\u011f\u0131\u2019na ba\u011fl\u0131 Salihli \u0130l\u00e7e Jandarma Komutanl\u0131\u011f\u0131 ekipleri, istihbari bilgiler do\u011frultusunda Kurtulu\u015f Mahallesi\u2019nde ya\u015fayan 29 ya\u015f\u0131ndaki A.\u00d6.\u2019n\u00fcn uyu\u015fturucu ticareti yapt\u0131\u011f\u0131n\u0131 tespit etti.<br \/>\n<br \/>Salihli Cumhuriyet Ba\u015fsavc\u0131l\u0131\u011f\u0131 koordinesinde JASAT ve Sart Karakol ekiplerince d\u00fczenlenen operasyonda, \u015f\u00fcphelinin evinde yap\u0131lan aramalarda; metamfetamin, kubar esrar, uyu\u015fturucu hap, z\u0131vana ve \u00e7ar\u015faf, uyu\u015fturucu kullanma aparat\u0131, kurus\u0131k\u0131 tabanca, cep telefonu ve uyu\u015fturucu sat\u0131\u015f\u0131ndan elde edildi\u011fi de\u011ferlendirilen 6 bin 520 lira ele ge\u00e7irildi.<br \/>\n<br \/>G\u00f6zalt\u0131na al\u0131nan A.\u00d6.\u2019n\u00fcn jandarmadaki i\u015flemlerinin ard\u0131ndan adliyeye sevk edilece\u011fi \u00f6\u011frenildi.<br \/><\/p>\n","protected":false},"excerpt":{"rendered":"<p>Manisa\u2019n\u0131n Salihli il\u00e7esinde zehir tacirlerine y\u00f6nelik \u00e7al\u0131\u015fmalar\u0131n\u0131 s\u00fcrd\u00fcren jandarma ekiplerinin d\u00fczenledi\u011fi operasyonda, metamfetamin, kubar esrar, uyu\u015fturucu hap ve kurus\u0131k\u0131 tabanca ele ge\u00e7irildi. Manisa \u0130l Jandarma Komutanl\u0131\u011f\u0131\u2019na ba\u011fl\u0131 Salihli \u0130l\u00e7e Jandarma Komutanl\u0131\u011f\u0131 ekipleri, istihbari bilgiler do\u011frultusunda Kurtulu\u015f Mahallesi\u2019nde ya\u015fayan 29 ya\u015f\u0131ndaki A.\u00d6.\u2019n\u00fcn uyu\u015fturucu ticareti yapt\u0131\u011f\u0131n\u0131 tespit etti. Salihli Cumhuriyet Ba\u015fsavc\u0131l\u0131\u011f\u0131 koordinesinde JASAT ve Sart Karakol ekiplerince&#8230;<\/p>\n","protected":false},"author":1,"featured_media":64927,"comment_status":"open","ping_status":"open","sticky":false,"template":"","format":"standard","meta":{"_crdt_document":"","footnotes":""},"categories":[5],"tags":[],"class_list":["post-64926","post","type-post","status-publish","format-standard","has-post-thumbnail","hentry","category-asayis"],"_links":{"self":[{"href":"https:\/\/www.egemtv.com\/index.php?rest_route=\/wp\/v2\/posts\/64926","targetHints":{"allow":["GET"]}}],"collection":[{"href":"https:\/\/www.egemtv.com\/index.php?rest_route=\/wp\/v2\/posts"}],"about":[{"href":"https:\/\/www.egemtv.com\/index.php?rest_route=\/wp\/v2\/types\/post"}],"author":[{"embeddable":true,"href":"https:\/\/www.egemtv.com\/index.php?rest_route=\/wp\/v2\/users\/1"}],"replies":[{"embeddable":true,"href":"https:\/\/www.egemtv.com\/index.php?rest_route=%2Fwp%2Fv2%2Fcomments&post=64926"}],"version-history":[{"count":1,"href":"https:\/\/www.egemtv.com\/index.php?rest_route=\/wp\/v2\/posts\/64926\/revisions"}],"predecessor-version":[{"id":64928,"href":"https:\/\/www.egemtv.com\/index.php?rest_route=\/wp\/v2\/posts\/64926\/revisions\/64928"}],"wp:featuredmedia":[{"embeddable":true,"href":"https:\/\/www.egemtv.com\/index.php?rest_route=\/wp\/v2\/media\/64927"}],"wp:attachment":[{"href":"https:\/\/www.egemtv.com\/index.php?rest_route=%2Fwp%2Fv2%2Fmedia&parent=64926"}],"wp:term":[{"taxonomy":"category","embeddable":true,"href":"https:\/\/www.egemtv.com\/index.php?rest_route=%2Fwp%2Fv2%2Fcategories&post=64926"},{"taxonomy":"post_tag","embeddable":true,"href":"https:\/\/www.egemtv.com\/index.php?rest_route=%2Fwp%2Fv2%2Ftags&post=64926"}],"curies":[{"name":"wp","href":"https:\/\/api.w.org\/{rel}","templated":true}]}}