{"id":64920,"date":"2025-10-30T18:54:47","date_gmt":"2025-10-30T15:54:47","guid":{"rendered":"https:\/\/www.egemtv.com\/?p=64920"},"modified":"2025-10-30T18:54:47","modified_gmt":"2025-10-30T15:54:47","slug":"minik-tadimcilara-zeytinyagi-egitimi","status":"publish","type":"post","link":"https:\/\/www.egemtv.com\/?p=64920","title":{"rendered":"Minik tad\u0131mc\u0131lara zeytinya\u011f\u0131 e\u011fitimi"},"content":{"rendered":"<p>Mu\u011fla B\u00fcy\u00fck\u015fehir Belediyesi, Duyusal Analiz Laboratuvar\u0131 S\u00fcrekli E\u011fitim Merkezi\u2019nde  &#8220;Gelece\u011fin Tad\u0131mc\u0131lar\u0131n\u0131 Yeti\u015ftiriyoruz&#8221; projesiyle ilk\u00f6\u011fretim \u00f6\u011frencilerine zeytinya\u011f\u0131 bilinci kazand\u0131r\u0131yor. Proje kapsam\u0131nda \u00e7ocuklara do\u011fru zeytinya\u011f\u0131 \u00fcretimi, kaliteli zeytinya\u011f\u0131n\u0131n sa\u011fl\u0131k \u00fczerindeki etkileri ve kaliteli ile kalitesiz zeytinya\u011f\u0131n\u0131n nas\u0131l ay\u0131rt edilebilece\u011fi anlat\u0131l\u0131yor.<br \/>\n<br \/>B\u00fcy\u00fck\u015fehir Belediyesi\u2019nin do\u011faya duyarl\u0131 ve bilin\u00e7li nesiller yeti\u015ftirme hedefiyle hayata ge\u00e7irdi\u011fi proje, Kavakl\u0131dere \u00c7ayboyu Mehmet Ko\u00e7er \u0130lkokulu ve Ye\u015filyurt \u0130lkokulu \u00f6\u011frencileriyle bulu\u015ftu. E\u011fitimlerde \u00f6\u011frencilere zeytin a\u011fac\u0131n\u0131n do\u011fadaki ve k\u00fclt\u00fcr\u00fcm\u00fczdeki \u00f6nemi, zeytinya\u011f\u0131 \u00fcretim s\u00fcreci, duyusal analiz y\u00f6ntemiyle kalite farklar\u0131 ve sa\u011fl\u0131kl\u0131 t\u00fcketim al\u0131\u015fkanl\u0131klar\u0131 uygulamal\u0131 olarak aktar\u0131ld\u0131.<br \/>\n<br \/>Program sonunda \u00f6\u011frencilere kat\u0131l\u0131m belgeleri takdim edildi.<br \/>\n<br \/>Ahmet Aras: &#8220;Zeytin a\u011fac\u0131n\u0131 tan\u0131yan \u00e7ocuk, do\u011faya da bar\u0131\u015f getirir&#8221;<br \/>\n<br \/>K\u0131y\u0131 Ege Belediyeler Birli\u011fi ve Mu\u011fla B\u00fcy\u00fck\u015fehir Belediye Ba\u015fkan\u0131 Ahmet Aras, projenin \u00e7ocuklara sadece zeytinya\u011f\u0131n\u0131 de\u011fil, ayn\u0131 zamanda do\u011fay\u0131 sevme ve koruma bilincini de kazand\u0131rd\u0131\u011f\u0131n\u0131 vurgulad\u0131:<br \/>\n<br \/>&#8220;Mu\u011fla, zeytinin ve zeytinya\u011f\u0131n\u0131n anavatanlar\u0131ndan biri. Biz istiyoruz ki \u00e7ocuklar\u0131m\u0131z bu topraklar\u0131n de\u011ferini bilsin, \u00fcretimi ve eme\u011fi tan\u0131s\u0131n. Zeytin a\u011fac\u0131n\u0131 tan\u0131yan bir \u00e7ocuk, do\u011faya da insana da bar\u0131\u015f getirir. Duyusal Analiz Laboratuvar\u0131m\u0131z arac\u0131l\u0131\u011f\u0131yla gelece\u011fin tad\u0131mc\u0131lar\u0131n\u0131, yani do\u011fayla dost, bilin\u00e7li bir nesli yeti\u015ftiriyoruz. \u00c7\u00fcnk\u00fc do\u011fru \u00fcretim ve do\u011fru t\u00fcketim al\u0131\u015fkanl\u0131\u011f\u0131, gelece\u011fe b\u0131rak\u0131lacak en b\u00fcy\u00fck mirast\u0131r&#8221;<br \/><\/p>\n","protected":false},"excerpt":{"rendered":"<p>Mu\u011fla B\u00fcy\u00fck\u015fehir Belediyesi, Duyusal Analiz Laboratuvar\u0131 S\u00fcrekli E\u011fitim Merkezi\u2019nde &#8220;Gelece\u011fin Tad\u0131mc\u0131lar\u0131n\u0131 Yeti\u015ftiriyoruz&#8221; projesiyle ilk\u00f6\u011fretim \u00f6\u011frencilerine zeytinya\u011f\u0131 bilinci kazand\u0131r\u0131yor. Proje kapsam\u0131nda \u00e7ocuklara do\u011fru zeytinya\u011f\u0131 \u00fcretimi, kaliteli zeytinya\u011f\u0131n\u0131n sa\u011fl\u0131k \u00fczerindeki etkileri ve kaliteli ile kalitesiz zeytinya\u011f\u0131n\u0131n nas\u0131l ay\u0131rt edilebilece\u011fi anlat\u0131l\u0131yor. B\u00fcy\u00fck\u015fehir Belediyesi\u2019nin do\u011faya duyarl\u0131 ve bilin\u00e7li nesiller yeti\u015ftirme hedefiyle hayata ge\u00e7irdi\u011fi proje, Kavakl\u0131dere \u00c7ayboyu Mehmet Ko\u00e7er \u0130lkokulu&#8230;<\/p>\n","protected":false},"author":1,"featured_media":64921,"comment_status":"open","ping_status":"open","sticky":false,"template":"","format":"standard","meta":{"_crdt_document":"","footnotes":""},"categories":[2],"tags":[],"class_list":["post-64920","post","type-post","status-publish","format-standard","has-post-thumbnail","hentry","category-saglik"],"_links":{"self":[{"href":"https:\/\/www.egemtv.com\/index.php?rest_route=\/wp\/v2\/posts\/64920","targetHints":{"allow":["GET"]}}],"collection":[{"href":"https:\/\/www.egemtv.com\/index.php?rest_route=\/wp\/v2\/posts"}],"about":[{"href":"https:\/\/www.egemtv.com\/index.php?rest_route=\/wp\/v2\/types\/post"}],"author":[{"embeddable":true,"href":"https:\/\/www.egemtv.com\/index.php?rest_route=\/wp\/v2\/users\/1"}],"replies":[{"embeddable":true,"href":"https:\/\/www.egemtv.com\/index.php?rest_route=%2Fwp%2Fv2%2Fcomments&post=64920"}],"version-history":[{"count":1,"href":"https:\/\/www.egemtv.com\/index.php?rest_route=\/wp\/v2\/posts\/64920\/revisions"}],"predecessor-version":[{"id":64922,"href":"https:\/\/www.egemtv.com\/index.php?rest_route=\/wp\/v2\/posts\/64920\/revisions\/64922"}],"wp:featuredmedia":[{"embeddable":true,"href":"https:\/\/www.egemtv.com\/index.php?rest_route=\/wp\/v2\/media\/64921"}],"wp:attachment":[{"href":"https:\/\/www.egemtv.com\/index.php?rest_route=%2Fwp%2Fv2%2Fmedia&parent=64920"}],"wp:term":[{"taxonomy":"category","embeddable":true,"href":"https:\/\/www.egemtv.com\/index.php?rest_route=%2Fwp%2Fv2%2Fcategories&post=64920"},{"taxonomy":"post_tag","embeddable":true,"href":"https:\/\/www.egemtv.com\/index.php?rest_route=%2Fwp%2Fv2%2Ftags&post=64920"}],"curies":[{"name":"wp","href":"https:\/\/api.w.org\/{rel}","templated":true}]}}