{"id":64914,"date":"2025-10-30T18:35:56","date_gmt":"2025-10-30T15:35:56","guid":{"rendered":"https:\/\/www.egemtv.com\/?p=64914"},"modified":"2025-10-30T18:35:57","modified_gmt":"2025-10-30T15:35:57","slug":"bodrum-cupta-msku-ruzgari-sts-bodrum-okul-gemisinden-2-kupa","status":"publish","type":"post","link":"https:\/\/www.egemtv.com\/?p=64914","title":{"rendered":"Bodrum CUP\u2019ta MSK\u00dc R\u00fczg\u00e2r\u0131: STS Bodrum Okul Gemisi\u2019nden 2 kupa"},"content":{"rendered":"<p>MSK\u00dc Bodrum Denizcilik Meslek Y\u00fcksekokulu Yat Kaptanl\u0131\u011f\u0131 Program\u0131 \u00f6\u011frencileri ve akademik personeli, geleneksel olarak d\u00fczenlenen Bodrum Cup Yelken Yar\u0131\u015flar\u0131\u2019nda \u00e7ifte zaferle 2 kupa birden kazand\u0131.<br \/>\n<br \/>20-25 Ekim 2025 tarihleri aras\u0131nda ger\u00e7ekle\u015fen 37. Bodrum Cup Yelken Yar\u0131\u015flar\u0131, Bodrum-Bodrum Anadolu Sigorta 100. Y\u0131l etab\u0131n\u0131n ard\u0131ndan d\u00fczenlenen   \u00f6d\u00fcl t\u00f6reniyle sona erdi.<br \/>\n<br \/>Mu\u011fla S\u0131tk\u0131 Ko\u00e7man \u00dcniversitesi (MSK\u00dc) Bodrum Denizcilik Meslek Y\u00fcksekokulu Yat Kaptanl\u0131\u011f\u0131 Program\u0131 \u00f6\u011frencileri ve akademik personelinden olu\u015fan ekip de yar\u0131\u015flara damgas\u0131n\u0131 vurdu.<br \/>\n<br \/>MSK\u00dc ekibi, yar\u0131\u015flarda STS Bodrum Okul Gemisi ile elde ettikleri \u00e7ifte zaferle 2 kupa birden kazand\u0131.<br \/>\n<br \/>STS Bodrum Okul Gemisi, olumsuz hava \u015fartlar\u0131na ra\u011fmen zorlu m\u00fccadeleler sonunda iki farkl\u0131 kategoride k\u00fcrs\u00fcye \u00e7\u0131karak MSK\u00dc\u2019y\u00fc ba\u015far\u0131yla temsil etti. Bodrum a\u00e7\u0131klar\u0131nda verilen 5\u2019inci ve son g\u00fcn yar\u0131\u015flar\u0131n\u0131n ba\u015flang\u0131c\u0131nda yelkenciler, 15 millik parkurda yar\u0131\u015ft\u0131. Farkl\u0131 tipte teknelerin bulu\u015ftu\u011fu etapta ekipler, Bodrum\u2019un e\u015fsiz koylar\u0131nda olumsuz hava \u015fartlar\u0131na ra\u011fmen k\u0131yas\u0131ya m\u00fccadele etti.<br \/>\n<br \/>\u0130ki kategoride 2.\u2019lik<br \/>\n<br \/>Meslek Y\u00fcksekokul M\u00fcd\u00fcr Yard\u0131mc\u0131s\u0131 \u00d6\u011fretim G\u00f6revlisi Kaptan Mehmet Danac\u0131 ile Ula\u015ft\u0131rma Hizmetleri B\u00f6l\u00fcm Ba\u015fkan\u0131 V. \u00d6\u011fretim G\u00f6revlisi Kaptan Mehmet \u00d6zg\u00fcr Yenilmez rehberli\u011finde yar\u0131\u015fan \u00f6\u011frenciler, k\u0131yas\u0131ya ge\u00e7en m\u00fccadeleler sonunda &#8220;Gulet Genel&#8221; kategorisinde ikincilik ve &#8220;Gulet A&#8221; kategorisinde ikincilik olmak \u00fczere iki de\u011ferli kupan\u0131n sahibi oldu.<br \/>\n<br \/>Bodrum Cup yar\u0131\u015flar\u0131nda 8\u2019i tekne \u00fcst\u00fcnde olmak \u00fczere, 23 kara ekibi ile toplamda 31 \u00f6\u011frenci g\u00f6rev ald\u0131.<br \/>\n<br \/>Tekne \u00fcst\u00fcnde m\u00fccadele eden \u00f6\u011frenciler; Doruk Adal\u0131, Esra \u00c7elik, Nida Yenigil, Yi\u011fit Y\u00fccel, Gamze G\u00f6kdo\u011fan, Onur Ay, Yunus Emre \u015een ve Cansu Y\u00fccel azim ve yetenekleriyle denizcilik ruhunu en iyi \u015fekilde yans\u0131tarak MSK\u00dc\u2019n\u00fcn gururu oldu.<br \/><\/p>\n","protected":false},"excerpt":{"rendered":"<p>MSK\u00dc Bodrum Denizcilik Meslek Y\u00fcksekokulu Yat Kaptanl\u0131\u011f\u0131 Program\u0131 \u00f6\u011frencileri ve akademik personeli, geleneksel olarak d\u00fczenlenen Bodrum Cup Yelken Yar\u0131\u015flar\u0131\u2019nda \u00e7ifte zaferle 2 kupa birden kazand\u0131. 20-25 Ekim 2025 tarihleri aras\u0131nda ger\u00e7ekle\u015fen 37. Bodrum Cup Yelken Yar\u0131\u015flar\u0131, Bodrum-Bodrum Anadolu Sigorta 100. Y\u0131l etab\u0131n\u0131n ard\u0131ndan d\u00fczenlenen \u00f6d\u00fcl t\u00f6reniyle sona erdi. Mu\u011fla S\u0131tk\u0131 Ko\u00e7man \u00dcniversitesi (MSK\u00dc) Bodrum Denizcilik&#8230;<\/p>\n","protected":false},"author":1,"featured_media":64915,"comment_status":"open","ping_status":"open","sticky":false,"template":"","format":"standard","meta":{"_crdt_document":"","footnotes":""},"categories":[4],"tags":[],"class_list":["post-64914","post","type-post","status-publish","format-standard","has-post-thumbnail","hentry","category-spor"],"_links":{"self":[{"href":"https:\/\/www.egemtv.com\/index.php?rest_route=\/wp\/v2\/posts\/64914","targetHints":{"allow":["GET"]}}],"collection":[{"href":"https:\/\/www.egemtv.com\/index.php?rest_route=\/wp\/v2\/posts"}],"about":[{"href":"https:\/\/www.egemtv.com\/index.php?rest_route=\/wp\/v2\/types\/post"}],"author":[{"embeddable":true,"href":"https:\/\/www.egemtv.com\/index.php?rest_route=\/wp\/v2\/users\/1"}],"replies":[{"embeddable":true,"href":"https:\/\/www.egemtv.com\/index.php?rest_route=%2Fwp%2Fv2%2Fcomments&post=64914"}],"version-history":[{"count":1,"href":"https:\/\/www.egemtv.com\/index.php?rest_route=\/wp\/v2\/posts\/64914\/revisions"}],"predecessor-version":[{"id":64916,"href":"https:\/\/www.egemtv.com\/index.php?rest_route=\/wp\/v2\/posts\/64914\/revisions\/64916"}],"wp:featuredmedia":[{"embeddable":true,"href":"https:\/\/www.egemtv.com\/index.php?rest_route=\/wp\/v2\/media\/64915"}],"wp:attachment":[{"href":"https:\/\/www.egemtv.com\/index.php?rest_route=%2Fwp%2Fv2%2Fmedia&parent=64914"}],"wp:term":[{"taxonomy":"category","embeddable":true,"href":"https:\/\/www.egemtv.com\/index.php?rest_route=%2Fwp%2Fv2%2Fcategories&post=64914"},{"taxonomy":"post_tag","embeddable":true,"href":"https:\/\/www.egemtv.com\/index.php?rest_route=%2Fwp%2Fv2%2Ftags&post=64914"}],"curies":[{"name":"wp","href":"https:\/\/api.w.org\/{rel}","templated":true}]}}