{"id":64911,"date":"2025-10-30T18:16:21","date_gmt":"2025-10-30T15:16:21","guid":{"rendered":"https:\/\/www.egemtv.com\/?p=64911"},"modified":"2025-10-30T18:16:22","modified_gmt":"2025-10-30T15:16:22","slug":"bozdoganda-traktor-kazasi-1-olu","status":"publish","type":"post","link":"https:\/\/www.egemtv.com\/?p=64911","title":{"rendered":"Bozdo\u011fan\u2019da trakt\u00f6r kazas\u0131: 1 \u00f6l\u00fc"},"content":{"rendered":"<p>Ayd\u0131n\u2019\u0131n Bozdo\u011fan il\u00e7esinde \u015farampole devrilen trakt\u00f6r\u00fcn s\u00fcr\u00fcc\u00fcs\u00fc hayat\u0131n\u0131 kaybetti.<\/p>\n<p>Kaza \u00c7aml\u0131dere Mahallesi\u2019nde meydana geldi. Edinilen bilgiye g\u00f6re, Mehmet Say\u0131n (68) idaresindeki trakt\u00f6r s\u00fcr\u00fcc\u00fcs\u00fcn\u00fcn direksiyon hakimiyetini kaybetmesi \u00fczerine yoldan \u00e7\u0131karak \u015farampole devrildi. Kaza ihbar\u0131 \u00fczerine b\u00f6lgeye sa\u011fl\u0131k, jandarma ve itfaiye ekipleri sevk edildi. Olay yerine gelen sa\u011fl\u0131k ekipleri devrilen trakt\u00f6r\u00fcn alt\u0131nda kalan Say\u0131n\u2019\u0131n hayat\u0131n\u0131 kaybetti\u011fini belirledi. Yap\u0131lan \u00e7al\u0131\u015fman\u0131n ard\u0131ndan Say\u0131n\u2019\u0131n cenazesi hastane morguna kald\u0131r\u0131ld\u0131.<\/p>\n<p>Kazayla ilgili soru\u015fturma s\u00fcr\u00fcyor.<br \/><\/p>\n","protected":false},"excerpt":{"rendered":"<p>Ayd\u0131n\u2019\u0131n Bozdo\u011fan il\u00e7esinde \u015farampole devrilen trakt\u00f6r\u00fcn s\u00fcr\u00fcc\u00fcs\u00fc hayat\u0131n\u0131 kaybetti. Kaza \u00c7aml\u0131dere Mahallesi\u2019nde meydana geldi. Edinilen bilgiye g\u00f6re, Mehmet Say\u0131n (68) idaresindeki trakt\u00f6r s\u00fcr\u00fcc\u00fcs\u00fcn\u00fcn direksiyon hakimiyetini kaybetmesi \u00fczerine yoldan \u00e7\u0131karak \u015farampole devrildi. Kaza ihbar\u0131 \u00fczerine b\u00f6lgeye sa\u011fl\u0131k, jandarma ve itfaiye ekipleri sevk edildi. Olay yerine gelen sa\u011fl\u0131k ekipleri devrilen trakt\u00f6r\u00fcn alt\u0131nda kalan Say\u0131n\u2019\u0131n hayat\u0131n\u0131 kaybetti\u011fini belirledi&#8230;.<\/p>\n","protected":false},"author":1,"featured_media":64912,"comment_status":"open","ping_status":"open","sticky":false,"template":"","format":"standard","meta":{"_crdt_document":"","footnotes":""},"categories":[5],"tags":[],"class_list":["post-64911","post","type-post","status-publish","format-standard","has-post-thumbnail","hentry","category-asayis"],"_links":{"self":[{"href":"https:\/\/www.egemtv.com\/index.php?rest_route=\/wp\/v2\/posts\/64911","targetHints":{"allow":["GET"]}}],"collection":[{"href":"https:\/\/www.egemtv.com\/index.php?rest_route=\/wp\/v2\/posts"}],"about":[{"href":"https:\/\/www.egemtv.com\/index.php?rest_route=\/wp\/v2\/types\/post"}],"author":[{"embeddable":true,"href":"https:\/\/www.egemtv.com\/index.php?rest_route=\/wp\/v2\/users\/1"}],"replies":[{"embeddable":true,"href":"https:\/\/www.egemtv.com\/index.php?rest_route=%2Fwp%2Fv2%2Fcomments&post=64911"}],"version-history":[{"count":1,"href":"https:\/\/www.egemtv.com\/index.php?rest_route=\/wp\/v2\/posts\/64911\/revisions"}],"predecessor-version":[{"id":64913,"href":"https:\/\/www.egemtv.com\/index.php?rest_route=\/wp\/v2\/posts\/64911\/revisions\/64913"}],"wp:featuredmedia":[{"embeddable":true,"href":"https:\/\/www.egemtv.com\/index.php?rest_route=\/wp\/v2\/media\/64912"}],"wp:attachment":[{"href":"https:\/\/www.egemtv.com\/index.php?rest_route=%2Fwp%2Fv2%2Fmedia&parent=64911"}],"wp:term":[{"taxonomy":"category","embeddable":true,"href":"https:\/\/www.egemtv.com\/index.php?rest_route=%2Fwp%2Fv2%2Fcategories&post=64911"},{"taxonomy":"post_tag","embeddable":true,"href":"https:\/\/www.egemtv.com\/index.php?rest_route=%2Fwp%2Fv2%2Ftags&post=64911"}],"curies":[{"name":"wp","href":"https:\/\/api.w.org\/{rel}","templated":true}]}}