{"id":64908,"date":"2025-10-30T17:55:00","date_gmt":"2025-10-30T14:55:00","guid":{"rendered":"https:\/\/www.egemtv.com\/?p=64908"},"modified":"2025-10-30T17:55:00","modified_gmt":"2025-10-30T14:55:00","slug":"alacatida-gocmen-operasyonu-2-organizator-tutuklandi","status":"publish","type":"post","link":"https:\/\/www.egemtv.com\/?p=64908","title":{"rendered":"Ala\u00e7at\u0131\u2019da g\u00f6\u00e7men operasyonu: 2 organizat\u00f6r tutukland\u0131"},"content":{"rendered":"<p>\u0130zmir\u2019in \u00c7e\u015fme il\u00e7esi Ala\u00e7at\u0131 Mahallesi\u2019nde jandarma ekiplerince d\u00fczenlenen g\u00f6\u00e7men ka\u00e7ak\u00e7\u0131l\u0131\u011f\u0131 operasyonunda, yasa d\u0131\u015f\u0131 yollarla yurt d\u0131\u015f\u0131na \u00e7\u0131kmaya \u00e7al\u0131\u015fan g\u00f6\u00e7menler ve organizat\u00f6rleri su\u00e7\u00fcst\u00fc yakaland\u0131.<br \/>\n<br \/>\u00c7e\u015fme \u0130l\u00e7e Jandarma Komutanl\u0131\u011f\u0131 ekiplerince ger\u00e7ekle\u015ftirilen operasyonda yakalanan \u015fah\u0131slar aras\u0131nda yap\u0131lan incelemede, organizat\u00f6r olduklar\u0131 tespit edilen N.H. ve M.A. isimli ki\u015filer g\u00f6zalt\u0131na al\u0131nd\u0131.<br \/>\n<br \/>\u0130\u015flemlerinin ard\u0131ndan adliyeye sevk edilen iki \u015f\u00fcpheli, \u00e7\u0131kar\u0131ld\u0131klar\u0131 mahkemece tutuklanarak cezaevine g\u00f6nderildi.<br \/><\/p>\n","protected":false},"excerpt":{"rendered":"<p>\u0130zmir\u2019in \u00c7e\u015fme il\u00e7esi Ala\u00e7at\u0131 Mahallesi\u2019nde jandarma ekiplerince d\u00fczenlenen g\u00f6\u00e7men ka\u00e7ak\u00e7\u0131l\u0131\u011f\u0131 operasyonunda, yasa d\u0131\u015f\u0131 yollarla yurt d\u0131\u015f\u0131na \u00e7\u0131kmaya \u00e7al\u0131\u015fan g\u00f6\u00e7menler ve organizat\u00f6rleri su\u00e7\u00fcst\u00fc yakaland\u0131. \u00c7e\u015fme \u0130l\u00e7e Jandarma Komutanl\u0131\u011f\u0131 ekiplerince ger\u00e7ekle\u015ftirilen operasyonda yakalanan \u015fah\u0131slar aras\u0131nda yap\u0131lan incelemede, organizat\u00f6r olduklar\u0131 tespit edilen N.H. ve M.A. isimli ki\u015filer g\u00f6zalt\u0131na al\u0131nd\u0131. \u0130\u015flemlerinin ard\u0131ndan adliyeye sevk edilen iki \u015f\u00fcpheli, \u00e7\u0131kar\u0131ld\u0131klar\u0131 mahkemece&#8230;<\/p>\n","protected":false},"author":1,"featured_media":64909,"comment_status":"open","ping_status":"open","sticky":false,"template":"","format":"standard","meta":{"_crdt_document":"","footnotes":""},"categories":[5],"tags":[],"class_list":["post-64908","post","type-post","status-publish","format-standard","has-post-thumbnail","hentry","category-asayis"],"_links":{"self":[{"href":"https:\/\/www.egemtv.com\/index.php?rest_route=\/wp\/v2\/posts\/64908","targetHints":{"allow":["GET"]}}],"collection":[{"href":"https:\/\/www.egemtv.com\/index.php?rest_route=\/wp\/v2\/posts"}],"about":[{"href":"https:\/\/www.egemtv.com\/index.php?rest_route=\/wp\/v2\/types\/post"}],"author":[{"embeddable":true,"href":"https:\/\/www.egemtv.com\/index.php?rest_route=\/wp\/v2\/users\/1"}],"replies":[{"embeddable":true,"href":"https:\/\/www.egemtv.com\/index.php?rest_route=%2Fwp%2Fv2%2Fcomments&post=64908"}],"version-history":[{"count":1,"href":"https:\/\/www.egemtv.com\/index.php?rest_route=\/wp\/v2\/posts\/64908\/revisions"}],"predecessor-version":[{"id":64910,"href":"https:\/\/www.egemtv.com\/index.php?rest_route=\/wp\/v2\/posts\/64908\/revisions\/64910"}],"wp:featuredmedia":[{"embeddable":true,"href":"https:\/\/www.egemtv.com\/index.php?rest_route=\/wp\/v2\/media\/64909"}],"wp:attachment":[{"href":"https:\/\/www.egemtv.com\/index.php?rest_route=%2Fwp%2Fv2%2Fmedia&parent=64908"}],"wp:term":[{"taxonomy":"category","embeddable":true,"href":"https:\/\/www.egemtv.com\/index.php?rest_route=%2Fwp%2Fv2%2Fcategories&post=64908"},{"taxonomy":"post_tag","embeddable":true,"href":"https:\/\/www.egemtv.com\/index.php?rest_route=%2Fwp%2Fv2%2Ftags&post=64908"}],"curies":[{"name":"wp","href":"https:\/\/api.w.org\/{rel}","templated":true}]}}