{"id":64905,"date":"2025-10-30T17:34:59","date_gmt":"2025-10-30T14:34:59","guid":{"rendered":"https:\/\/www.egemtv.com\/?p=64905"},"modified":"2025-10-30T17:35:00","modified_gmt":"2025-10-30T14:35:00","slug":"silahla-patronuna-saldirmisti-7-yil-hapis-cezasina-carptirildi","status":"publish","type":"post","link":"https:\/\/www.egemtv.com\/?p=64905","title":{"rendered":"Silahla patronuna sald\u0131rm\u0131\u015ft\u0131, 7 y\u0131l hapis cezas\u0131na \u00e7arpt\u0131r\u0131ld\u0131"},"content":{"rendered":"<p>Ayd\u0131n\u2019\u0131n Efeler il\u00e7esinde i\u015ften \u00e7\u0131kar\u0131ld\u0131\u011f\u0131 ve paras\u0131n\u0131 alamad\u0131\u011f\u0131 iddias\u0131yla eski patronuna silahla sald\u0131ran ve tutuklanarak cezaevine g\u00f6nderilen E.A. (42), g\u00f6r\u00fclen davada 7 y\u0131l 7 ay hapis cezas\u0131na \u00e7arpt\u0131r\u0131ld\u0131.<br \/>\n<br \/>Olay, 8 Nisan g\u00fcn\u00fc Umurlu Mahallesi Organize Sanayi B\u00f6lgesi\u2019nde \u00f6\u011fle saatlerinde meydana geldi. Edinilen bilgiye g\u00f6re, bir izolasyon yal\u0131t\u0131m fabrikas\u0131 sahibi C.S.T. (40) iddiaya g\u00f6re bir s\u00fcre \u00f6nce yan\u0131nda \u015fof\u00f6r olarak \u00e7al\u0131\u015ft\u0131rd\u0131\u011f\u0131 E.A.\u2019y\u0131 i\u015ften \u00e7\u0131kard\u0131. Maa\u015f\u0131n\u0131 ve alacaklar\u0131n\u0131 \u00f6demedi\u011fi gerek\u00e7esiyle fabrikaya giden E.A. ile eski patronu C.S.T. aras\u0131nda tart\u0131\u015fma ya\u015fand\u0131. Tart\u0131\u015fman\u0131n kavgaya d\u00f6n\u00fc\u015fmesinin ard\u0131ndan E.A. yan\u0131nda getirdi\u011fi silahla ate\u015f etti. Sald\u0131r\u0131dan yara almadan kurtulan C.S.T. arac\u0131yla olay yerinden ka\u00e7t\u0131. E.A. da kendi arac\u0131yla C.S.T.\u2019yi takibe ba\u015flad\u0131. Ya\u015fanan kovalamaca esnas\u0131nda C.S.T. Ser\u00e7ek\u00f6y Jandarma Yol Kontrol Noktas\u0131\u2019na s\u0131\u011f\u0131nd\u0131. E.A. da kontrol noktas\u0131na yana\u015farak C.S.T.\u2019ye bir kez daha silahla sald\u0131rd\u0131. Kur\u015funlar araca isabet ederken, E.A. olay yerinden ka\u00e7t\u0131. K\u0131sa s\u00fcren kovalamacan\u0131n ard\u0131ndan \u015f\u00fcpheli E.A. g\u00fcvenlik g\u00fc\u00e7lerince yakalanarak etkisiz hale getirildi. Olayda kullan\u0131lan silah ile birlikte yakalanan E.A., cumhuriyet savc\u0131s\u0131n\u0131n talimat\u0131yla g\u00f6zalt\u0131na al\u0131nd\u0131. \u0130\u015flemlerinin ard\u0131ndan adliyeye sevk edilen \u015f\u00fcpheli, \u00e7\u0131kar\u0131ld\u0131\u011f\u0131 mahkemede kasten adam \u00f6ld\u00fcrmeye te\u015febb\u00fcs su\u00e7undan tutuklanarak cezaevine g\u00f6nderildi.<br \/>\n<br \/>Tutuklanan san\u0131k E.A., yarg\u0131land\u0131\u011f\u0131 davada &#8220;tasarlayarak kasten \u00f6ld\u00fcrmeye te\u015febb\u00fcs&#8221; su\u00e7undan 5 y\u0131l 11 ay 7 g\u00fcn, ruhsats\u0131z silah bulundurmak su\u00e7undan 1 y\u0131l 8 ay hapis cezas\u0131na \u00e7arpt\u0131r\u0131ld\u0131. San\u0131\u011f\u0131n &#8220;tehdit&#8221; su\u00e7undan ise beraat\u0131na ve tahliyesine karar verildi\u011fi \u00f6\u011frenildi.<br \/><\/p>\n","protected":false},"excerpt":{"rendered":"<p>Ayd\u0131n\u2019\u0131n Efeler il\u00e7esinde i\u015ften \u00e7\u0131kar\u0131ld\u0131\u011f\u0131 ve paras\u0131n\u0131 alamad\u0131\u011f\u0131 iddias\u0131yla eski patronuna silahla sald\u0131ran ve tutuklanarak cezaevine g\u00f6nderilen E.A. (42), g\u00f6r\u00fclen davada 7 y\u0131l 7 ay hapis cezas\u0131na \u00e7arpt\u0131r\u0131ld\u0131. Olay, 8 Nisan g\u00fcn\u00fc Umurlu Mahallesi Organize Sanayi B\u00f6lgesi\u2019nde \u00f6\u011fle saatlerinde meydana geldi. Edinilen bilgiye g\u00f6re, bir izolasyon yal\u0131t\u0131m fabrikas\u0131 sahibi C.S.T. (40) iddiaya g\u00f6re bir s\u00fcre&#8230;<\/p>\n","protected":false},"author":1,"featured_media":64906,"comment_status":"open","ping_status":"open","sticky":false,"template":"","format":"standard","meta":{"_crdt_document":"","footnotes":""},"categories":[5],"tags":[],"class_list":["post-64905","post","type-post","status-publish","format-standard","has-post-thumbnail","hentry","category-asayis"],"_links":{"self":[{"href":"https:\/\/www.egemtv.com\/index.php?rest_route=\/wp\/v2\/posts\/64905","targetHints":{"allow":["GET"]}}],"collection":[{"href":"https:\/\/www.egemtv.com\/index.php?rest_route=\/wp\/v2\/posts"}],"about":[{"href":"https:\/\/www.egemtv.com\/index.php?rest_route=\/wp\/v2\/types\/post"}],"author":[{"embeddable":true,"href":"https:\/\/www.egemtv.com\/index.php?rest_route=\/wp\/v2\/users\/1"}],"replies":[{"embeddable":true,"href":"https:\/\/www.egemtv.com\/index.php?rest_route=%2Fwp%2Fv2%2Fcomments&post=64905"}],"version-history":[{"count":1,"href":"https:\/\/www.egemtv.com\/index.php?rest_route=\/wp\/v2\/posts\/64905\/revisions"}],"predecessor-version":[{"id":64907,"href":"https:\/\/www.egemtv.com\/index.php?rest_route=\/wp\/v2\/posts\/64905\/revisions\/64907"}],"wp:featuredmedia":[{"embeddable":true,"href":"https:\/\/www.egemtv.com\/index.php?rest_route=\/wp\/v2\/media\/64906"}],"wp:attachment":[{"href":"https:\/\/www.egemtv.com\/index.php?rest_route=%2Fwp%2Fv2%2Fmedia&parent=64905"}],"wp:term":[{"taxonomy":"category","embeddable":true,"href":"https:\/\/www.egemtv.com\/index.php?rest_route=%2Fwp%2Fv2%2Fcategories&post=64905"},{"taxonomy":"post_tag","embeddable":true,"href":"https:\/\/www.egemtv.com\/index.php?rest_route=%2Fwp%2Fv2%2Ftags&post=64905"}],"curies":[{"name":"wp","href":"https:\/\/api.w.org\/{rel}","templated":true}]}}