{"id":64902,"date":"2025-10-30T17:34:58","date_gmt":"2025-10-30T14:34:58","guid":{"rendered":"https:\/\/www.egemtv.com\/?p=64902"},"modified":"2025-10-30T17:34:59","modified_gmt":"2025-10-30T14:34:59","slug":"metruk-binada-cikan-yangin-korkuttu","status":"publish","type":"post","link":"https:\/\/www.egemtv.com\/?p=64902","title":{"rendered":"Metruk binada \u00e7\u0131kan yang\u0131n korkuttu"},"content":{"rendered":"<p>Manisa\u2019n\u0131n Yunusemre il\u00e7esinde metruk bir binada hurdalar\u0131n tutu\u015fmas\u0131 sonucu \u00e7\u0131kan yang\u0131n, itfaiye ekiplerince \u00e7evredeki binalara s\u0131\u00e7ramadan s\u00f6nd\u00fcr\u00fcld\u00fc.<br \/>\n<br \/>Yang\u0131n, Yunusemre il\u00e7esine ba\u011fl\u0131 Ke\u00e7ilik\u00f6y Mahallesi\u2019ndeki tek katl\u0131 metruk binada meydana geldi. At\u0131k hurdalar\u0131n bulundu\u011fu binadan alevlerin y\u00fckselmesi \u00fczerine \u00e7evredeki vatanda\u015flar itfaiye ekiplerini arad\u0131. B\u00f6lgeye Manisa B\u00fcy\u00fck\u015fehir Belediyesi \u0130tfaiye Dairesi Ba\u015fkanl\u0131\u011f\u0131\u2019na ba\u011fl\u0131 \u00e7ok say\u0131da ekip sevk edildi. H\u0131zla olay yerine gelen ekiplerin k\u0131sa s\u00fcredeki m\u00fcdahalesiyle yang\u0131n \u00e7evredeki binalara s\u0131\u00e7ramadan s\u00f6nd\u00fcr\u00fcld\u00fc. Manisa B\u00fcy\u00fck\u015fehir Belediyesi \u0130tfaiye Dairesi Ba\u015fkan\u0131 G\u00fcrhan \u0130nal\u2019\u0131n s\u00f6nd\u00fcrme \u00e7al\u0131\u015fmalar\u0131n\u0131 bizzat koordine etti\u011fi yang\u0131n\u0131n \u00e7\u0131k\u0131\u015f sebebinin belirlenmesi i\u00e7in \u00e7al\u0131\u015fma ba\u015flat\u0131ld\u0131.<br \/><\/p>\n","protected":false},"excerpt":{"rendered":"<p>Manisa\u2019n\u0131n Yunusemre il\u00e7esinde metruk bir binada hurdalar\u0131n tutu\u015fmas\u0131 sonucu \u00e7\u0131kan yang\u0131n, itfaiye ekiplerince \u00e7evredeki binalara s\u0131\u00e7ramadan s\u00f6nd\u00fcr\u00fcld\u00fc. Yang\u0131n, Yunusemre il\u00e7esine ba\u011fl\u0131 Ke\u00e7ilik\u00f6y Mahallesi\u2019ndeki tek katl\u0131 metruk binada meydana geldi. At\u0131k hurdalar\u0131n bulundu\u011fu binadan alevlerin y\u00fckselmesi \u00fczerine \u00e7evredeki vatanda\u015flar itfaiye ekiplerini arad\u0131. B\u00f6lgeye Manisa B\u00fcy\u00fck\u015fehir Belediyesi \u0130tfaiye Dairesi Ba\u015fkanl\u0131\u011f\u0131\u2019na ba\u011fl\u0131 \u00e7ok say\u0131da ekip sevk edildi. H\u0131zla&#8230;<\/p>\n","protected":false},"author":1,"featured_media":64903,"comment_status":"open","ping_status":"open","sticky":false,"template":"","format":"standard","meta":{"_crdt_document":"","footnotes":""},"categories":[5],"tags":[],"class_list":["post-64902","post","type-post","status-publish","format-standard","has-post-thumbnail","hentry","category-asayis"],"_links":{"self":[{"href":"https:\/\/www.egemtv.com\/index.php?rest_route=\/wp\/v2\/posts\/64902","targetHints":{"allow":["GET"]}}],"collection":[{"href":"https:\/\/www.egemtv.com\/index.php?rest_route=\/wp\/v2\/posts"}],"about":[{"href":"https:\/\/www.egemtv.com\/index.php?rest_route=\/wp\/v2\/types\/post"}],"author":[{"embeddable":true,"href":"https:\/\/www.egemtv.com\/index.php?rest_route=\/wp\/v2\/users\/1"}],"replies":[{"embeddable":true,"href":"https:\/\/www.egemtv.com\/index.php?rest_route=%2Fwp%2Fv2%2Fcomments&post=64902"}],"version-history":[{"count":1,"href":"https:\/\/www.egemtv.com\/index.php?rest_route=\/wp\/v2\/posts\/64902\/revisions"}],"predecessor-version":[{"id":64904,"href":"https:\/\/www.egemtv.com\/index.php?rest_route=\/wp\/v2\/posts\/64902\/revisions\/64904"}],"wp:featuredmedia":[{"embeddable":true,"href":"https:\/\/www.egemtv.com\/index.php?rest_route=\/wp\/v2\/media\/64903"}],"wp:attachment":[{"href":"https:\/\/www.egemtv.com\/index.php?rest_route=%2Fwp%2Fv2%2Fmedia&parent=64902"}],"wp:term":[{"taxonomy":"category","embeddable":true,"href":"https:\/\/www.egemtv.com\/index.php?rest_route=%2Fwp%2Fv2%2Fcategories&post=64902"},{"taxonomy":"post_tag","embeddable":true,"href":"https:\/\/www.egemtv.com\/index.php?rest_route=%2Fwp%2Fv2%2Ftags&post=64902"}],"curies":[{"name":"wp","href":"https:\/\/api.w.org\/{rel}","templated":true}]}}