{"id":64899,"date":"2025-10-30T17:34:57","date_gmt":"2025-10-30T14:34:57","guid":{"rendered":"https:\/\/www.egemtv.com\/?p=64899"},"modified":"2025-10-30T17:34:58","modified_gmt":"2025-10-30T14:34:58","slug":"mentesede-silahli-ve-bicakli-kavga-iddasi","status":"publish","type":"post","link":"https:\/\/www.egemtv.com\/?p=64899","title":{"rendered":"Mente\u015fe\u2019de silahl\u0131 ve b\u0131\u00e7akl\u0131 kavga iddas\u0131"},"content":{"rendered":"<p>Mu\u011fla\u2019n\u0131n Mente\u015fe il\u00e7esinde iki grup aras\u0131nda hen\u00fcz bilinmeyen bir nedenle \u00e7\u0131kan kavgada silah ve b\u0131\u00e7aklar kullan\u0131l\u0131rken olayla ilgili 4 ki\u015fi yakalanarak g\u00f6zalt\u0131na al\u0131nd\u0131.<\/p>\n<p>Edinilen bilgiye g\u00f6re, Mente\u015fe Saburhane Mahallesi\u2019nde iki grup aras\u0131nda hen\u00fcz belirlenemeyen bir nedenle kavga \u00e7\u0131kt\u0131. \u0130ddiaya g\u00f6re, taraflar\u0131n yan\u0131nda silah ve b\u0131\u00e7ak bulunurken, kavgan\u0131n b\u00fcy\u00fcmesi \u00fczerine taraflardan bir grup, bir arac\u0131n plakas\u0131n\u0131 da s\u00f6kerek olay yerinden uzakla\u015ft\u0131. \u00c7evredekilerin ihbar\u0131 \u00fczerine b\u00f6lgeye polis ekipleri sevk edildi. K\u0131sa s\u00fcrede olay yerine ula\u015fan ekipler, ka\u00e7an 4 ki\u015fiyi Cumhuriyet Ortaokulu \u00e7evresinde yakalayarak g\u00f6zalt\u0131na ald\u0131.<\/p>\n<p>Olayla ilgili soru\u015fturma ba\u015flat\u0131ld\u0131.<br \/><\/p>\n","protected":false},"excerpt":{"rendered":"<p>Mu\u011fla\u2019n\u0131n Mente\u015fe il\u00e7esinde iki grup aras\u0131nda hen\u00fcz bilinmeyen bir nedenle \u00e7\u0131kan kavgada silah ve b\u0131\u00e7aklar kullan\u0131l\u0131rken olayla ilgili 4 ki\u015fi yakalanarak g\u00f6zalt\u0131na al\u0131nd\u0131. Edinilen bilgiye g\u00f6re, Mente\u015fe Saburhane Mahallesi\u2019nde iki grup aras\u0131nda hen\u00fcz belirlenemeyen bir nedenle kavga \u00e7\u0131kt\u0131. \u0130ddiaya g\u00f6re, taraflar\u0131n yan\u0131nda silah ve b\u0131\u00e7ak bulunurken, kavgan\u0131n b\u00fcy\u00fcmesi \u00fczerine taraflardan bir grup, bir arac\u0131n plakas\u0131n\u0131&#8230;<\/p>\n","protected":false},"author":1,"featured_media":64900,"comment_status":"open","ping_status":"open","sticky":false,"template":"","format":"standard","meta":{"_crdt_document":"","footnotes":""},"categories":[5],"tags":[],"class_list":["post-64899","post","type-post","status-publish","format-standard","has-post-thumbnail","hentry","category-asayis"],"_links":{"self":[{"href":"https:\/\/www.egemtv.com\/index.php?rest_route=\/wp\/v2\/posts\/64899","targetHints":{"allow":["GET"]}}],"collection":[{"href":"https:\/\/www.egemtv.com\/index.php?rest_route=\/wp\/v2\/posts"}],"about":[{"href":"https:\/\/www.egemtv.com\/index.php?rest_route=\/wp\/v2\/types\/post"}],"author":[{"embeddable":true,"href":"https:\/\/www.egemtv.com\/index.php?rest_route=\/wp\/v2\/users\/1"}],"replies":[{"embeddable":true,"href":"https:\/\/www.egemtv.com\/index.php?rest_route=%2Fwp%2Fv2%2Fcomments&post=64899"}],"version-history":[{"count":1,"href":"https:\/\/www.egemtv.com\/index.php?rest_route=\/wp\/v2\/posts\/64899\/revisions"}],"predecessor-version":[{"id":64901,"href":"https:\/\/www.egemtv.com\/index.php?rest_route=\/wp\/v2\/posts\/64899\/revisions\/64901"}],"wp:featuredmedia":[{"embeddable":true,"href":"https:\/\/www.egemtv.com\/index.php?rest_route=\/wp\/v2\/media\/64900"}],"wp:attachment":[{"href":"https:\/\/www.egemtv.com\/index.php?rest_route=%2Fwp%2Fv2%2Fmedia&parent=64899"}],"wp:term":[{"taxonomy":"category","embeddable":true,"href":"https:\/\/www.egemtv.com\/index.php?rest_route=%2Fwp%2Fv2%2Fcategories&post=64899"},{"taxonomy":"post_tag","embeddable":true,"href":"https:\/\/www.egemtv.com\/index.php?rest_route=%2Fwp%2Fv2%2Ftags&post=64899"}],"curies":[{"name":"wp","href":"https:\/\/api.w.org\/{rel}","templated":true}]}}