{"id":64896,"date":"2025-10-30T16:55:03","date_gmt":"2025-10-30T13:55:03","guid":{"rendered":"https:\/\/www.egemtv.com\/?p=64896"},"modified":"2025-10-30T16:55:04","modified_gmt":"2025-10-30T13:55:04","slug":"sakar-gecidinde-arac-yangini","status":"publish","type":"post","link":"https:\/\/www.egemtv.com\/?p=64896","title":{"rendered":"Sakar Ge\u00e7idi\u2019nde ara\u00e7 yang\u0131n\u0131"},"content":{"rendered":"<p>Mu\u011fla\u2019n\u0131n Sakar Ge\u00e7idi mevkiinde seyir halindeki bir otomobilin motor k\u0131sm\u0131nda \u00e7\u0131kan yang\u0131n itfaiye ekipleri taraf\u0131ndan s\u00f6nd\u00fcr\u00fcld\u00fc.<\/p>\n<p>Mu\u011fla\u2019n\u0131n Sakar Ge\u00e7idi\u2019nde seyir halindeki bir otomobilde yang\u0131n pani\u011fi ya\u015fand\u0131. Edinilen bilgiye g\u00f6re, arac\u0131n motor k\u0131sm\u0131ndan hen\u00fcz belirlenemeyen bir nedenle alevler y\u00fckseldi. Durumu fark eden s\u00fcr\u00fcc\u00fc, arac\u0131n\u0131 yol kenar\u0131na \u00e7ekerek itfaiyeye haber verdi. \u0130hbar \u00fczerine b\u00f6lgeye Mu\u011fla B\u00fcy\u00fck\u015fehir Belediyesi \u0130tfaiye Daire Ba\u015fkanl\u0131\u011f\u0131 ekipleri sevk edildi. K\u0131sa s\u00fcrede olay yerine ula\u015fan ekipler, motor b\u00f6l\u00fcm\u00fcnde ba\u015flayan yang\u0131na m\u00fcdahale ederek alevleri kontrol alt\u0131na ald\u0131. Yang\u0131nda ara\u00e7ta maddi hasar meydana gelirken, herhangi bir yaralanma ya\u015fanmad\u0131.<br \/>\n<br \/>Yang\u0131n\u0131n \u00e7\u0131k\u0131\u015f nedenine ili\u015fkin inceleme ba\u015flat\u0131ld\u0131.<br \/><\/p>\n","protected":false},"excerpt":{"rendered":"<p>Mu\u011fla\u2019n\u0131n Sakar Ge\u00e7idi mevkiinde seyir halindeki bir otomobilin motor k\u0131sm\u0131nda \u00e7\u0131kan yang\u0131n itfaiye ekipleri taraf\u0131ndan s\u00f6nd\u00fcr\u00fcld\u00fc. Mu\u011fla\u2019n\u0131n Sakar Ge\u00e7idi\u2019nde seyir halindeki bir otomobilde yang\u0131n pani\u011fi ya\u015fand\u0131. Edinilen bilgiye g\u00f6re, arac\u0131n motor k\u0131sm\u0131ndan hen\u00fcz belirlenemeyen bir nedenle alevler y\u00fckseldi. Durumu fark eden s\u00fcr\u00fcc\u00fc, arac\u0131n\u0131 yol kenar\u0131na \u00e7ekerek itfaiyeye haber verdi. \u0130hbar \u00fczerine b\u00f6lgeye Mu\u011fla B\u00fcy\u00fck\u015fehir Belediyesi&#8230;<\/p>\n","protected":false},"author":1,"featured_media":64897,"comment_status":"open","ping_status":"open","sticky":false,"template":"","format":"standard","meta":{"_crdt_document":"","footnotes":""},"categories":[5],"tags":[],"class_list":["post-64896","post","type-post","status-publish","format-standard","has-post-thumbnail","hentry","category-asayis"],"_links":{"self":[{"href":"https:\/\/www.egemtv.com\/index.php?rest_route=\/wp\/v2\/posts\/64896","targetHints":{"allow":["GET"]}}],"collection":[{"href":"https:\/\/www.egemtv.com\/index.php?rest_route=\/wp\/v2\/posts"}],"about":[{"href":"https:\/\/www.egemtv.com\/index.php?rest_route=\/wp\/v2\/types\/post"}],"author":[{"embeddable":true,"href":"https:\/\/www.egemtv.com\/index.php?rest_route=\/wp\/v2\/users\/1"}],"replies":[{"embeddable":true,"href":"https:\/\/www.egemtv.com\/index.php?rest_route=%2Fwp%2Fv2%2Fcomments&post=64896"}],"version-history":[{"count":1,"href":"https:\/\/www.egemtv.com\/index.php?rest_route=\/wp\/v2\/posts\/64896\/revisions"}],"predecessor-version":[{"id":64898,"href":"https:\/\/www.egemtv.com\/index.php?rest_route=\/wp\/v2\/posts\/64896\/revisions\/64898"}],"wp:featuredmedia":[{"embeddable":true,"href":"https:\/\/www.egemtv.com\/index.php?rest_route=\/wp\/v2\/media\/64897"}],"wp:attachment":[{"href":"https:\/\/www.egemtv.com\/index.php?rest_route=%2Fwp%2Fv2%2Fmedia&parent=64896"}],"wp:term":[{"taxonomy":"category","embeddable":true,"href":"https:\/\/www.egemtv.com\/index.php?rest_route=%2Fwp%2Fv2%2Fcategories&post=64896"},{"taxonomy":"post_tag","embeddable":true,"href":"https:\/\/www.egemtv.com\/index.php?rest_route=%2Fwp%2Fv2%2Ftags&post=64896"}],"curies":[{"name":"wp","href":"https:\/\/api.w.org\/{rel}","templated":true}]}}