{"id":64893,"date":"2025-10-30T16:55:03","date_gmt":"2025-10-30T13:55:03","guid":{"rendered":"https:\/\/www.egemtv.com\/?p=64893"},"modified":"2025-10-30T16:55:03","modified_gmt":"2025-10-30T13:55:03","slug":"koskte-buyukbas-hayvanlarda-sap-asilamasi-suruyor","status":"publish","type":"post","link":"https:\/\/www.egemtv.com\/?p=64893","title":{"rendered":"K\u00f6\u015fk\u2019te b\u00fcy\u00fckba\u015f hayvanlarda \u015fap a\u015f\u0131lamas\u0131 s\u00fcr\u00fcyor"},"content":{"rendered":"<p>Ayd\u0131n\u2019\u0131n K\u00f6\u015fk il\u00e7esinde \u015fap hastal\u0131\u011f\u0131yla m\u00fccadele kapsam\u0131nda b\u00fcy\u00fckba\u015f hayvanlar\u0131n a\u015f\u0131lanmas\u0131 \u00e7al\u0131\u015fmalar\u0131 aral\u0131ks\u0131z \u015fekilde devam ediyor.<\/p>\n<p>K\u00f6\u015fk \u0130l\u00e7e Tar\u0131m ve Orman M\u00fcd\u00fcrl\u00fc\u011f\u00fc ekipleri, hayvan sa\u011fl\u0131\u011f\u0131n\u0131 korumak ve hastal\u0131klar\u0131n \u00f6n\u00fcne ge\u00e7mek amac\u0131yla il\u00e7edeki i\u015fletmeleri tek tek ziyaret ediyor. M\u00fcd\u00fcrl\u00fck taraf\u0131ndan yap\u0131lan a\u00e7\u0131klamada, hayvan sa\u011fl\u0131\u011f\u0131 ekiplerinin \u015fap hastal\u0131\u011f\u0131yla m\u00fccadele kapsam\u0131nda b\u00fcy\u00fckba\u015f hayvanlarda a\u015f\u0131lama \u00e7al\u0131\u015fmalar\u0131n\u0131 titizlikle ve yo\u011fun bir \u015fekilde s\u00fcrd\u00fcrd\u00fc\u011f\u00fc belirtildi. Yetkililer, a\u015f\u0131laman\u0131n hem hayvan verimlili\u011fini korumak hem de hastal\u0131\u011f\u0131n \u00f6n\u00fcne ge\u00e7mek a\u00e7\u0131s\u0131ndan b\u00fcy\u00fck \u00f6nem ta\u015f\u0131d\u0131\u011f\u0131n\u0131 ifade ederken, \u00fcreticilerin de bu s\u00fcre\u00e7te ekiplerle i\u015f birli\u011fi yapmalar\u0131 \u00e7a\u011fr\u0131s\u0131nda bulundu.<br \/><\/p>\n","protected":false},"excerpt":{"rendered":"<p>Ayd\u0131n\u2019\u0131n K\u00f6\u015fk il\u00e7esinde \u015fap hastal\u0131\u011f\u0131yla m\u00fccadele kapsam\u0131nda b\u00fcy\u00fckba\u015f hayvanlar\u0131n a\u015f\u0131lanmas\u0131 \u00e7al\u0131\u015fmalar\u0131 aral\u0131ks\u0131z \u015fekilde devam ediyor. K\u00f6\u015fk \u0130l\u00e7e Tar\u0131m ve Orman M\u00fcd\u00fcrl\u00fc\u011f\u00fc ekipleri, hayvan sa\u011fl\u0131\u011f\u0131n\u0131 korumak ve hastal\u0131klar\u0131n \u00f6n\u00fcne ge\u00e7mek amac\u0131yla il\u00e7edeki i\u015fletmeleri tek tek ziyaret ediyor. M\u00fcd\u00fcrl\u00fck taraf\u0131ndan yap\u0131lan a\u00e7\u0131klamada, hayvan sa\u011fl\u0131\u011f\u0131 ekiplerinin \u015fap hastal\u0131\u011f\u0131yla m\u00fccadele kapsam\u0131nda b\u00fcy\u00fckba\u015f hayvanlarda a\u015f\u0131lama \u00e7al\u0131\u015fmalar\u0131n\u0131 titizlikle ve yo\u011fun bir&#8230;<\/p>\n","protected":false},"author":1,"featured_media":64894,"comment_status":"open","ping_status":"open","sticky":false,"template":"","format":"standard","meta":{"_crdt_document":"","footnotes":""},"categories":[1],"tags":[],"class_list":["post-64893","post","type-post","status-publish","format-standard","has-post-thumbnail","hentry","category-guncel"],"_links":{"self":[{"href":"https:\/\/www.egemtv.com\/index.php?rest_route=\/wp\/v2\/posts\/64893","targetHints":{"allow":["GET"]}}],"collection":[{"href":"https:\/\/www.egemtv.com\/index.php?rest_route=\/wp\/v2\/posts"}],"about":[{"href":"https:\/\/www.egemtv.com\/index.php?rest_route=\/wp\/v2\/types\/post"}],"author":[{"embeddable":true,"href":"https:\/\/www.egemtv.com\/index.php?rest_route=\/wp\/v2\/users\/1"}],"replies":[{"embeddable":true,"href":"https:\/\/www.egemtv.com\/index.php?rest_route=%2Fwp%2Fv2%2Fcomments&post=64893"}],"version-history":[{"count":1,"href":"https:\/\/www.egemtv.com\/index.php?rest_route=\/wp\/v2\/posts\/64893\/revisions"}],"predecessor-version":[{"id":64895,"href":"https:\/\/www.egemtv.com\/index.php?rest_route=\/wp\/v2\/posts\/64893\/revisions\/64895"}],"wp:featuredmedia":[{"embeddable":true,"href":"https:\/\/www.egemtv.com\/index.php?rest_route=\/wp\/v2\/media\/64894"}],"wp:attachment":[{"href":"https:\/\/www.egemtv.com\/index.php?rest_route=%2Fwp%2Fv2%2Fmedia&parent=64893"}],"wp:term":[{"taxonomy":"category","embeddable":true,"href":"https:\/\/www.egemtv.com\/index.php?rest_route=%2Fwp%2Fv2%2Fcategories&post=64893"},{"taxonomy":"post_tag","embeddable":true,"href":"https:\/\/www.egemtv.com\/index.php?rest_route=%2Fwp%2Fv2%2Ftags&post=64893"}],"curies":[{"name":"wp","href":"https:\/\/api.w.org\/{rel}","templated":true}]}}