{"id":64890,"date":"2025-10-30T16:55:01","date_gmt":"2025-10-30T13:55:01","guid":{"rendered":"https:\/\/www.egemtv.com\/?p=64890"},"modified":"2025-10-30T16:55:02","modified_gmt":"2025-10-30T13:55:02","slug":"sultanhisar-kaymakami-ates-ozel-cocuklari-makaminda-agirladi","status":"publish","type":"post","link":"https:\/\/www.egemtv.com\/?p=64890","title":{"rendered":"Sultanhisar Kaymakam\u0131 Ate\u015f, \u00f6zel \u00e7ocuklar\u0131 makam\u0131nda a\u011f\u0131rlad\u0131"},"content":{"rendered":"<p>Ayd\u0131n\u2019\u0131n Sultanhisar il\u00e7esinde Kaymakam Ali Ekber Ate\u015f, At\u00e7a Bak\u0131m Rehabilitasyon ve Aile Dan\u0131\u015fma Merkezi\u2019nden gelen \u00f6zel \u00e7ocuklar\u0131 makam\u0131nda a\u011f\u0131rlayarak onlarla yak\u0131ndan ilgilendi.<\/p>\n<p>At\u00e7a Bak\u0131m Rehabilitasyon ve Aile Dan\u0131\u015fma Merkezi M\u00fcd\u00fcr\u00fc Turin Arafat Ta\u015f, Umut Evleri Sorumlusu Kudret \u00d6z ve \u00f6zel \u00e7ocuklar, Sultanhisar Kaymakam\u0131 Ali Ekber Ate\u015f\u2019i makam\u0131nda ziyaret etti. Samimi bir atmosferde ger\u00e7ekle\u015fen ziyarette Kaymakam Ate\u015f, \u00e7ocuklarla sohbet ederek onlar\u0131n mutlulu\u011funa ortak oldu. Kaymakam Ate\u015f, \u00f6zel bireylerin toplumla b\u00fct\u00fcnle\u015fmelerine katk\u0131 sa\u011flayan \u00e7al\u0131\u015fmalar\u0131n \u00f6nemine dikkat \u00e7ekerek, her zaman bu t\u00fcr ziyaretlerden memnuniyet duydu\u011funu ifade etti. G\u00fcn\u00fcn an\u0131s\u0131na \u00f6zel \u00e7ocuklarla foto\u011fraf \u00e7ektiren Ate\u015f, nazik ziyaretlerinden dolay\u0131 kurum y\u00f6neticilerine ve \u00e7ocuklara te\u015fekk\u00fcr etti.<\/p>\n<p>Ziyaretin sonunda, \u00f6zel \u00e7ocuklar da Kaymakam Ate\u015f\u2019e g\u00f6sterdi\u011fi ilgi ve misafirperverlikten dolay\u0131 te\u015fekk\u00fcr ederek mutluluklar\u0131n\u0131 dile getirdi.<br \/><\/p>\n","protected":false},"excerpt":{"rendered":"<p>Ayd\u0131n\u2019\u0131n Sultanhisar il\u00e7esinde Kaymakam Ali Ekber Ate\u015f, At\u00e7a Bak\u0131m Rehabilitasyon ve Aile Dan\u0131\u015fma Merkezi\u2019nden gelen \u00f6zel \u00e7ocuklar\u0131 makam\u0131nda a\u011f\u0131rlayarak onlarla yak\u0131ndan ilgilendi. At\u00e7a Bak\u0131m Rehabilitasyon ve Aile Dan\u0131\u015fma Merkezi M\u00fcd\u00fcr\u00fc Turin Arafat Ta\u015f, Umut Evleri Sorumlusu Kudret \u00d6z ve \u00f6zel \u00e7ocuklar, Sultanhisar Kaymakam\u0131 Ali Ekber Ate\u015f\u2019i makam\u0131nda ziyaret etti. Samimi bir atmosferde ger\u00e7ekle\u015fen ziyarette Kaymakam&#8230;<\/p>\n","protected":false},"author":1,"featured_media":64891,"comment_status":"open","ping_status":"open","sticky":false,"template":"","format":"standard","meta":{"_crdt_document":"","footnotes":""},"categories":[1],"tags":[],"class_list":["post-64890","post","type-post","status-publish","format-standard","has-post-thumbnail","hentry","category-guncel"],"_links":{"self":[{"href":"https:\/\/www.egemtv.com\/index.php?rest_route=\/wp\/v2\/posts\/64890","targetHints":{"allow":["GET"]}}],"collection":[{"href":"https:\/\/www.egemtv.com\/index.php?rest_route=\/wp\/v2\/posts"}],"about":[{"href":"https:\/\/www.egemtv.com\/index.php?rest_route=\/wp\/v2\/types\/post"}],"author":[{"embeddable":true,"href":"https:\/\/www.egemtv.com\/index.php?rest_route=\/wp\/v2\/users\/1"}],"replies":[{"embeddable":true,"href":"https:\/\/www.egemtv.com\/index.php?rest_route=%2Fwp%2Fv2%2Fcomments&post=64890"}],"version-history":[{"count":1,"href":"https:\/\/www.egemtv.com\/index.php?rest_route=\/wp\/v2\/posts\/64890\/revisions"}],"predecessor-version":[{"id":64892,"href":"https:\/\/www.egemtv.com\/index.php?rest_route=\/wp\/v2\/posts\/64890\/revisions\/64892"}],"wp:featuredmedia":[{"embeddable":true,"href":"https:\/\/www.egemtv.com\/index.php?rest_route=\/wp\/v2\/media\/64891"}],"wp:attachment":[{"href":"https:\/\/www.egemtv.com\/index.php?rest_route=%2Fwp%2Fv2%2Fmedia&parent=64890"}],"wp:term":[{"taxonomy":"category","embeddable":true,"href":"https:\/\/www.egemtv.com\/index.php?rest_route=%2Fwp%2Fv2%2Fcategories&post=64890"},{"taxonomy":"post_tag","embeddable":true,"href":"https:\/\/www.egemtv.com\/index.php?rest_route=%2Fwp%2Fv2%2Ftags&post=64890"}],"curies":[{"name":"wp","href":"https:\/\/api.w.org\/{rel}","templated":true}]}}