{"id":64887,"date":"2025-10-30T16:55:00","date_gmt":"2025-10-30T13:55:00","guid":{"rendered":"https:\/\/www.egemtv.com\/?p=64887"},"modified":"2025-10-30T16:55:01","modified_gmt":"2025-10-30T13:55:01","slug":"usak-universitesi-sorbonne-paris-nord-universitesi-ogrencilerini-agirliyor","status":"publish","type":"post","link":"https:\/\/www.egemtv.com\/?p=64887","title":{"rendered":"U\u015fak \u00dcniversitesi, Sorbonne Paris Nord \u00dcniversitesi \u00f6\u011frencilerini a\u011f\u0131rl\u0131yor"},"content":{"rendered":"<p>U\u015fak \u00dcniversitesi, uluslararas\u0131la\u015fma vizyonu do\u011frultusunda y\u00fcr\u00fctt\u00fc\u011f\u00fc \u00e7al\u0131\u015fmalar kapsam\u0131nda Erasmus Hareketlili\u011fi ile d\u00fcnyan\u0131n sayg\u0131n \u00fcniversitelerinden \u00f6\u011frencileri a\u011f\u0131rlamaya devam ediyor.<br \/>\n<br \/>Fransa\u2019n\u0131n k\u00f6kl\u00fc y\u00fcksek\u00f6\u011fretim kurumlar\u0131ndan Sorbonne Paris Nord \u00dcniversitesi\u2019nden gelen \u00f6\u011frenciler Haoi-Alliyah Heather Ahamad\u0131 ve Abdallah Ben Fgu\u0131ra, Moldova\u2019n\u0131n en \u00f6nemli ekonomi akademisi olan Academy of Economic Studies of Moldova ASEM\u2019den gelen \u0130rina \u0130spir ve Aureliu Tescu ile Kosova\u2019dan University of \u0130sa Boletini Mitrovica\u2019dan gelen Ardita Abazi, U\u015fak \u00dcniversitesi Rekt\u00f6r\u00fc Prof. Dr. Ekrem Sava\u015f\u2019\u0131 makam\u0131nda ziyaret etti. Ziyarette \u00f6\u011frenciler, U\u015fak \u00dcniversitesi\u2019nin e\u011fitim imkanlar\u0131ndan duyduklar\u0131 memnuniyeti dile getirirken, Rekt\u00f6r Prof. Dr. Ekrem Sava\u015f da \u00f6\u011frencileri U\u015fak \u00dcniversitesinde g\u00f6rmekten mutluluk duyduklar\u0131n\u0131 ifade etti.<br \/>\n<br \/>U\u015fak \u00dcniversitesi Rekt\u00f6r\u00fc Prof. Dr. Ekrem Sava\u015f, d\u00fcnyan\u0131n d\u00f6rt bir yan\u0131ndan gelen \u00f6\u011frencileri \u00fcniversitede bulu\u015fturduklar\u0131n\u0131 belirterek \u015funlar\u0131 s\u00f6yledi: &#8220;U\u015fak \u00dcniversitesi olarak bug\u00fcn yaln\u0131zca b\u00f6lgesel de\u011fil, uluslararas\u0131 \u00f6l\u00e7ekte tan\u0131n\u0131rl\u0131\u011f\u0131 olan bir kurum haline geldik. Erasmus Hareketlili\u011fi kapsam\u0131nda Fransa\u2019n\u0131n se\u00e7kin \u00fcniversitelerinden biri olan Sorbonne Paris Nord\u2019dan ve Moldova\u2019dan gelen \u00f6\u011frencilerimiz, \u0130ktisadi ve \u0130dari Bilimler Fak\u00fcltemiz ile Uygulamal\u0131 Bilimler Fak\u00fcltemizde g\u00fcz d\u00f6nemi boyunca \u0130\u015fletme alan\u0131nda e\u011fitim alacaklar. Kosova\u2019dan gelen \u00f6\u011frencimiz de M\u00fchendislik ve Do\u011fa Bilimleri Fak\u00fcltemiz Kimya M\u00fchendisli\u011fi b\u00f6l\u00fcm\u00fcnde 2 ayl\u0131\u011f\u0131na staj g\u00f6recek. Bu durum, \u00fcniversitemizin e\u011fitim kalitesinin Bat\u0131\u2019n\u0131n \u00f6nde gelen \u00fcniversiteleri taraf\u0131ndan da fark edildi\u011fini g\u00f6steriyor.&#8221; dedi.<br \/>\n<br \/>Uluslararas\u0131la\u015fma alan\u0131nda b\u00fcy\u00fck ilerlemeler kaydettiklerini belirten Rekt\u00f6r Sava\u015f, &#8220;\u0130kili i\u015f birlikleri ve Erasmus hareketlili\u011fi programlar\u0131yla farkl\u0131 \u00fclkelerden \u00f6\u011frencileri \u00fcniversitemizde a\u011f\u0131rl\u0131yor; akademisyen ve \u00f6\u011frencilerimize de yurt d\u0131\u015f\u0131nda deneyim kazanma f\u0131rsat\u0131 sunuyoruz.&#8221; dedi.<br \/>\n<br \/>U\u015fak \u00dcniversitesi\u2019nin uluslararas\u0131la\u015fma \u00e7al\u0131\u015fmalar\u0131nda \u00f6nemli bir ivme yakalad\u0131\u011f\u0131n\u0131 vurgulayan Rekt\u00f6r Sava\u015f, g\u00f6reve geldikleri 2017 y\u0131l\u0131ndan bu yana at\u0131lan ad\u0131mlar\u0131 \u015fu \u015fekilde \u00f6zetledi: &#8220;2017 y\u0131l\u0131nda yaln\u0131zca 10 olan ikili i\u015f birli\u011fi anla\u015fma say\u0131s\u0131n\u0131 2025 itibar\u0131yla 110\u2019a \u00e7\u0131kard\u0131k. Erasmus anla\u015fmalar\u0131m\u0131z\u0131 67\u2019den 403\u2019e y\u00fckselttik. Uluslararas\u0131 de\u011fi\u015fim programlar\u0131 kapsam\u0131nda 2017\u2019de 5 olan gelen personel say\u0131s\u0131 bug\u00fcn 325\u2019e ula\u015ft\u0131. Ayn\u0131 d\u00f6nemde giden personel say\u0131m\u0131z 104\u2019ten 374\u2019e y\u00fckseldi. 2017\u2019de 10 olan gelen \u00f6\u011frenci say\u0131s\u0131 2025\u2019te 85\u2019e, 206 olan giden \u00f6\u011frenci say\u0131s\u0131 ise 500\u2019e \u00e7\u0131kt\u0131.&#8221;<br \/>\n<br \/>U\u015fak \u00dcniversitesinde 2019 y\u0131l\u0131ndan bu yana d\u00fczenlenen International Staff Week (Uluslararas\u0131 Personel Haftas\u0131) etkinliklerinin uluslararas\u0131 ili\u015fkiler a\u00e7\u0131s\u0131ndan \u00f6nemli bir k\u00f6pr\u00fc g\u00f6revi g\u00f6rd\u00fc\u011f\u00fcn\u00fc belirten Rekt\u00f6r Prof. Dr. Sava\u015f, \u015f\u00f6yle devam etti: &#8220;2019\u2019da 9 \u00fclke ve 23 kat\u0131l\u0131mc\u0131 ile ba\u015flad\u0131\u011f\u0131m\u0131z bu etkinli\u011fi her y\u0131l b\u00fcy\u00fcterek s\u00fcrd\u00fcrd\u00fck. 2025 y\u0131l\u0131nda 20 \u00fclkeden 70 kat\u0131l\u0131mc\u0131y\u0131 \u00fcniversitemizde a\u011f\u0131rlad\u0131k. Bu etkinlikler sayesinde farkl\u0131 \u00fclkelerden akademisyen ve \u00f6\u011frencileri bir araya getirerek hem ikili anla\u015fmalar\u0131m\u0131z\u0131 geni\u015flettik hem de k\u00fclt\u00fcrel ve akademik etkile\u015fimi g\u00fc\u00e7lendirdik.&#8221; dedi.<br \/>\n<br \/>Erasmus hareketlili\u011fi ile Fransa, Almanya, \u0130talya, \u0130spanya, Portekiz ve Polonya gibi Avrupa\u2019n\u0131n \u00f6nde gelen \u00fcniversiteleriyle aktif i\u015f birli\u011fi i\u00e7inde olan U\u015fak \u00dcniversitesi, uluslararas\u0131 e\u011fitim arenas\u0131nda konumunu her ge\u00e7en y\u0131l g\u00fc\u00e7lendiriyor.<br \/>\n<br \/>Rekt\u00f6r Sava\u015f, &#8220;Hedefimiz, bilgi ve k\u00fclt\u00fcr payla\u015f\u0131m\u0131n\u0131n merkezi haline gelen U\u015fak \u00dcniversitesini daha da ileriye ta\u015f\u0131mak. Art\u0131k biz yaln\u0131zca T\u00fcrkiye\u2019den de\u011fil, Bat\u0131\u2019n\u0131n se\u00e7kin \u00fcniversitelerinden de tercih edilen bir e\u011fitim kurumu olman\u0131n gururunu ya\u015f\u0131yoruz.&#8221; ifadeleriyle s\u00f6zlerini tamamlad\u0131.<br \/><\/p>\n","protected":false},"excerpt":{"rendered":"<p>U\u015fak \u00dcniversitesi, uluslararas\u0131la\u015fma vizyonu do\u011frultusunda y\u00fcr\u00fctt\u00fc\u011f\u00fc \u00e7al\u0131\u015fmalar kapsam\u0131nda Erasmus Hareketlili\u011fi ile d\u00fcnyan\u0131n sayg\u0131n \u00fcniversitelerinden \u00f6\u011frencileri a\u011f\u0131rlamaya devam ediyor. Fransa\u2019n\u0131n k\u00f6kl\u00fc y\u00fcksek\u00f6\u011fretim kurumlar\u0131ndan Sorbonne Paris Nord \u00dcniversitesi\u2019nden gelen \u00f6\u011frenciler Haoi-Alliyah Heather Ahamad\u0131 ve Abdallah Ben Fgu\u0131ra, Moldova\u2019n\u0131n en \u00f6nemli ekonomi akademisi olan Academy of Economic Studies of Moldova ASEM\u2019den gelen \u0130rina \u0130spir ve Aureliu Tescu ile&#8230;<\/p>\n","protected":false},"author":1,"featured_media":64888,"comment_status":"open","ping_status":"open","sticky":false,"template":"","format":"standard","meta":{"_crdt_document":"","footnotes":""},"categories":[1],"tags":[],"class_list":["post-64887","post","type-post","status-publish","format-standard","has-post-thumbnail","hentry","category-guncel"],"_links":{"self":[{"href":"https:\/\/www.egemtv.com\/index.php?rest_route=\/wp\/v2\/posts\/64887","targetHints":{"allow":["GET"]}}],"collection":[{"href":"https:\/\/www.egemtv.com\/index.php?rest_route=\/wp\/v2\/posts"}],"about":[{"href":"https:\/\/www.egemtv.com\/index.php?rest_route=\/wp\/v2\/types\/post"}],"author":[{"embeddable":true,"href":"https:\/\/www.egemtv.com\/index.php?rest_route=\/wp\/v2\/users\/1"}],"replies":[{"embeddable":true,"href":"https:\/\/www.egemtv.com\/index.php?rest_route=%2Fwp%2Fv2%2Fcomments&post=64887"}],"version-history":[{"count":1,"href":"https:\/\/www.egemtv.com\/index.php?rest_route=\/wp\/v2\/posts\/64887\/revisions"}],"predecessor-version":[{"id":64889,"href":"https:\/\/www.egemtv.com\/index.php?rest_route=\/wp\/v2\/posts\/64887\/revisions\/64889"}],"wp:featuredmedia":[{"embeddable":true,"href":"https:\/\/www.egemtv.com\/index.php?rest_route=\/wp\/v2\/media\/64888"}],"wp:attachment":[{"href":"https:\/\/www.egemtv.com\/index.php?rest_route=%2Fwp%2Fv2%2Fmedia&parent=64887"}],"wp:term":[{"taxonomy":"category","embeddable":true,"href":"https:\/\/www.egemtv.com\/index.php?rest_route=%2Fwp%2Fv2%2Fcategories&post=64887"},{"taxonomy":"post_tag","embeddable":true,"href":"https:\/\/www.egemtv.com\/index.php?rest_route=%2Fwp%2Fv2%2Ftags&post=64887"}],"curies":[{"name":"wp","href":"https:\/\/api.w.org\/{rel}","templated":true}]}}