{"id":64884,"date":"2025-10-30T16:54:59","date_gmt":"2025-10-30T13:54:59","guid":{"rendered":"https:\/\/www.egemtv.com\/?p=64884"},"modified":"2025-10-30T16:55:00","modified_gmt":"2025-10-30T13:55:00","slug":"kamyon-sarampole-devrildi-surucu-mahsur-kaldi","status":"publish","type":"post","link":"https:\/\/www.egemtv.com\/?p=64884","title":{"rendered":"Kamyon \u015farampole devrildi, s\u00fcr\u00fcc\u00fc mahsur kald\u0131"},"content":{"rendered":"<p>Mu\u011fla\u2019n\u0131n Bodrum il\u00e7esinde \u015farampole devrilen hafriyat kamyonunun s\u00fcr\u00fcc\u00fcs\u00fcn\u00fc itfaiye ekipleri s\u0131k\u0131\u015ft\u0131\u011f\u0131 yerden kurtararak sa\u011fl\u0131k ekiplerine teslim etti.<\/p>\n<p>Kaza, bug\u00fcn \u00f6\u011fle saatlerinde G\u00fcrece H\u00fcrriyet Caddesi\u2019nde meydana geldi. Edinilen bilgiye g\u00f6re, yolda seyreden bo\u015f hafriyat kamyonunun s\u00fcr\u00fcc\u00fcs\u00fc, kar\u015f\u0131dan gelen ba\u015fka bir kamyona yol vermek i\u00e7in yolun sa\u011f\u0131na yana\u015ft\u0131. Sa\u011f \u015feritteki su yoluna girip kontrolden \u00e7\u0131kan kamyon, sol \u015feride y\u00f6neldi. Yoldan \u00e7\u0131k\u0131p \u00e7elik bariyerlerle beton ayd\u0131nlatma dire\u011fine \u00e7arp\u0131p devirdikten sonra \u015farampole d\u00fc\u015ft\u00fc. S\u00fcr\u00fcc\u00fc kamyon i\u00e7erisinde s\u0131k\u0131\u015ft\u0131. \u0130hbar\u0131n ard\u0131ndan olay yerine sa\u011fl\u0131k, polis, itfaiye, elektrik, zab\u0131ta ekipleri sevk edildi. Kamyonun ters d\u00f6nmemesi i\u00e7in ekskavat\u00f6r\u00fcn kep\u00e7esiyle destek verildi. Kamyonunun oldu\u011fu b\u00f6lgedeki a\u011fa\u00e7 dallar\u0131n\u0131 kesen itfaiye ekipleri, s\u00fcr\u00fcc\u00fc R.\u015e.\u2019yi s\u0131k\u0131\u015ft\u0131\u011f\u0131 yerden \u00e7\u0131kard\u0131. Hafif yaral\u0131 s\u00fcr\u00fcc\u00fc, 112 Acil Sa\u011fl\u0131k ekipleri taraf\u0131ndan hastaneye kald\u0131r\u0131ld\u0131. Kamyonunun d\u00fc\u015ft\u00fc\u011f\u00fc yerden kurtar\u0131lmas\u0131 i\u00e7in \u00e7al\u0131\u015fma ba\u015flat\u0131ld\u0131. \u00d6te yandan mahalle sakinleri, yolda s\u00fcrekli kaza oldu\u011funu ifade ederek yolun geni\u015fletilip kald\u0131r\u0131m yap\u0131lmas\u0131n\u0131 istedi.<br \/><\/p>\n","protected":false},"excerpt":{"rendered":"<p>Mu\u011fla\u2019n\u0131n Bodrum il\u00e7esinde \u015farampole devrilen hafriyat kamyonunun s\u00fcr\u00fcc\u00fcs\u00fcn\u00fc itfaiye ekipleri s\u0131k\u0131\u015ft\u0131\u011f\u0131 yerden kurtararak sa\u011fl\u0131k ekiplerine teslim etti. Kaza, bug\u00fcn \u00f6\u011fle saatlerinde G\u00fcrece H\u00fcrriyet Caddesi\u2019nde meydana geldi. Edinilen bilgiye g\u00f6re, yolda seyreden bo\u015f hafriyat kamyonunun s\u00fcr\u00fcc\u00fcs\u00fc, kar\u015f\u0131dan gelen ba\u015fka bir kamyona yol vermek i\u00e7in yolun sa\u011f\u0131na yana\u015ft\u0131. Sa\u011f \u015feritteki su yoluna girip kontrolden \u00e7\u0131kan kamyon, sol&#8230;<\/p>\n","protected":false},"author":1,"featured_media":64885,"comment_status":"open","ping_status":"open","sticky":false,"template":"","format":"standard","meta":{"_crdt_document":"","footnotes":""},"categories":[5],"tags":[],"class_list":["post-64884","post","type-post","status-publish","format-standard","has-post-thumbnail","hentry","category-asayis"],"_links":{"self":[{"href":"https:\/\/www.egemtv.com\/index.php?rest_route=\/wp\/v2\/posts\/64884","targetHints":{"allow":["GET"]}}],"collection":[{"href":"https:\/\/www.egemtv.com\/index.php?rest_route=\/wp\/v2\/posts"}],"about":[{"href":"https:\/\/www.egemtv.com\/index.php?rest_route=\/wp\/v2\/types\/post"}],"author":[{"embeddable":true,"href":"https:\/\/www.egemtv.com\/index.php?rest_route=\/wp\/v2\/users\/1"}],"replies":[{"embeddable":true,"href":"https:\/\/www.egemtv.com\/index.php?rest_route=%2Fwp%2Fv2%2Fcomments&post=64884"}],"version-history":[{"count":1,"href":"https:\/\/www.egemtv.com\/index.php?rest_route=\/wp\/v2\/posts\/64884\/revisions"}],"predecessor-version":[{"id":64886,"href":"https:\/\/www.egemtv.com\/index.php?rest_route=\/wp\/v2\/posts\/64884\/revisions\/64886"}],"wp:featuredmedia":[{"embeddable":true,"href":"https:\/\/www.egemtv.com\/index.php?rest_route=\/wp\/v2\/media\/64885"}],"wp:attachment":[{"href":"https:\/\/www.egemtv.com\/index.php?rest_route=%2Fwp%2Fv2%2Fmedia&parent=64884"}],"wp:term":[{"taxonomy":"category","embeddable":true,"href":"https:\/\/www.egemtv.com\/index.php?rest_route=%2Fwp%2Fv2%2Fcategories&post=64884"},{"taxonomy":"post_tag","embeddable":true,"href":"https:\/\/www.egemtv.com\/index.php?rest_route=%2Fwp%2Fv2%2Ftags&post=64884"}],"curies":[{"name":"wp","href":"https:\/\/api.w.org\/{rel}","templated":true}]}}