{"id":64878,"date":"2025-10-30T15:55:48","date_gmt":"2025-10-30T12:55:48","guid":{"rendered":"https:\/\/www.egemtv.com\/?p=64878"},"modified":"2025-10-30T15:55:50","modified_gmt":"2025-10-30T12:55:50","slug":"baskan-yildirimkaya-ova-yollarinda-incelemelerde-bulundu","status":"publish","type":"post","link":"https:\/\/www.egemtv.com\/?p=64878","title":{"rendered":"Ba\u015fkan Y\u0131ld\u0131r\u0131mkaya, ova yollar\u0131nda incelemelerde bulundu"},"content":{"rendered":"<p>Sultanhisar Belediye Ba\u015fkan\u0131 Osman Y\u0131ld\u0131r\u0131mkaya, At\u00e7a ve Sultanhisar\u2019daki ova yollar\u0131nda yap\u0131lacak bak\u0131m ve onar\u0131m \u00e7al\u0131\u015fmalar\u0131n\u0131 yerinde inceleyerek, tar\u0131msal ula\u015f\u0131m\u0131n daha g\u00fcvenli hale gelece\u011fini vurgulad\u0131.<\/p>\n<p>Sultanhisar Belediye Ba\u015fkan\u0131 Osman Y\u0131ld\u0131r\u0131mkaya, At\u00e7a ve Sultanhisar\u2019daki ova yollar\u0131nda yap\u0131lacak bak\u0131m ve onar\u0131m \u00e7al\u0131\u015fmalar\u0131n\u0131 yerinde inceledi. Belediye ekipleriyle birlikte sahada incelemelerde bulunan Ba\u015fkan Y\u0131ld\u0131r\u0131mkaya, \u00e7al\u0131\u015fmalar\u0131n planl\u0131 ve programl\u0131 bir \u015fekilde y\u00fcr\u00fct\u00fclece\u011fini belirtti. Vatanda\u015flar\u0131n tar\u0131m arazilerine g\u00fcvenli ve rahat ula\u015f\u0131m\u0131n\u0131 sa\u011flamak amac\u0131yla ba\u015flat\u0131lan yol bak\u0131m ve onar\u0131m \u00e7al\u0131\u015fmalar\u0131n\u0131n k\u0131sa s\u00fcrede tamamlanmas\u0131 hedefleniyor. Ba\u015fkan Y\u0131ld\u0131r\u0131mkaya, &#8220;\u00dcreticilerimizin emeklerinin de\u011ferini biliyoruz. Bu nedenle tar\u0131msal faaliyetlerin yo\u011fun oldu\u011fu b\u00f6lgelerde yol altyap\u0131m\u0131z\u0131 g\u00fc\u00e7lendirmek i\u00e7in \u00e7al\u0131\u015fmalar\u0131m\u0131za devam edece\u011fiz&#8221; dedi.<br \/><\/p>\n","protected":false},"excerpt":{"rendered":"<p>Sultanhisar Belediye Ba\u015fkan\u0131 Osman Y\u0131ld\u0131r\u0131mkaya, At\u00e7a ve Sultanhisar\u2019daki ova yollar\u0131nda yap\u0131lacak bak\u0131m ve onar\u0131m \u00e7al\u0131\u015fmalar\u0131n\u0131 yerinde inceleyerek, tar\u0131msal ula\u015f\u0131m\u0131n daha g\u00fcvenli hale gelece\u011fini vurgulad\u0131. Sultanhisar Belediye Ba\u015fkan\u0131 Osman Y\u0131ld\u0131r\u0131mkaya, At\u00e7a ve Sultanhisar\u2019daki ova yollar\u0131nda yap\u0131lacak bak\u0131m ve onar\u0131m \u00e7al\u0131\u015fmalar\u0131n\u0131 yerinde inceledi. Belediye ekipleriyle birlikte sahada incelemelerde bulunan Ba\u015fkan Y\u0131ld\u0131r\u0131mkaya, \u00e7al\u0131\u015fmalar\u0131n planl\u0131 ve programl\u0131 bir \u015fekilde&#8230;<\/p>\n","protected":false},"author":1,"featured_media":64879,"comment_status":"open","ping_status":"open","sticky":false,"template":"","format":"standard","meta":{"_crdt_document":"","footnotes":""},"categories":[1],"tags":[],"class_list":["post-64878","post","type-post","status-publish","format-standard","has-post-thumbnail","hentry","category-guncel"],"_links":{"self":[{"href":"https:\/\/www.egemtv.com\/index.php?rest_route=\/wp\/v2\/posts\/64878","targetHints":{"allow":["GET"]}}],"collection":[{"href":"https:\/\/www.egemtv.com\/index.php?rest_route=\/wp\/v2\/posts"}],"about":[{"href":"https:\/\/www.egemtv.com\/index.php?rest_route=\/wp\/v2\/types\/post"}],"author":[{"embeddable":true,"href":"https:\/\/www.egemtv.com\/index.php?rest_route=\/wp\/v2\/users\/1"}],"replies":[{"embeddable":true,"href":"https:\/\/www.egemtv.com\/index.php?rest_route=%2Fwp%2Fv2%2Fcomments&post=64878"}],"version-history":[{"count":1,"href":"https:\/\/www.egemtv.com\/index.php?rest_route=\/wp\/v2\/posts\/64878\/revisions"}],"predecessor-version":[{"id":64880,"href":"https:\/\/www.egemtv.com\/index.php?rest_route=\/wp\/v2\/posts\/64878\/revisions\/64880"}],"wp:featuredmedia":[{"embeddable":true,"href":"https:\/\/www.egemtv.com\/index.php?rest_route=\/wp\/v2\/media\/64879"}],"wp:attachment":[{"href":"https:\/\/www.egemtv.com\/index.php?rest_route=%2Fwp%2Fv2%2Fmedia&parent=64878"}],"wp:term":[{"taxonomy":"category","embeddable":true,"href":"https:\/\/www.egemtv.com\/index.php?rest_route=%2Fwp%2Fv2%2Fcategories&post=64878"},{"taxonomy":"post_tag","embeddable":true,"href":"https:\/\/www.egemtv.com\/index.php?rest_route=%2Fwp%2Fv2%2Ftags&post=64878"}],"curies":[{"name":"wp","href":"https:\/\/api.w.org\/{rel}","templated":true}]}}