{"id":64875,"date":"2025-10-30T15:34:54","date_gmt":"2025-10-30T12:34:54","guid":{"rendered":"https:\/\/www.egemtv.com\/?p=64875"},"modified":"2025-10-30T15:34:55","modified_gmt":"2025-10-30T12:34:55","slug":"spora-katki-sunan-78-isme-plaket","status":"publish","type":"post","link":"https:\/\/www.egemtv.com\/?p=64875","title":{"rendered":"Spora katk\u0131 sunan 78 isme plaket"},"content":{"rendered":"<p>Yunusemre Belediyesi, 29 Ekim Cumhuriyet Bayram\u0131 etkinlikleri kapsam\u0131nda &#8220;Cumhuriyetimizin 102. Y\u0131l\u0131nda T\u00fcrkiye\u2019de Spor&#8221; konulu s\u00f6yle\u015fi d\u00fczenledi. Etkinlikte ayr\u0131ca Vefa Gecesi yap\u0131larak Manisa\u2019n\u0131n spor hayat\u0131na de\u011fer katm\u0131\u015f isimlere plaket takdim edildi.<br \/>\n<br \/>Cumhuriyet co\u015fkusunun doyas\u0131ya ya\u015fand\u0131\u011f\u0131 kentte Yunusemre Belediyesi de bu co\u015fkuya d\u00fczenledi\u011fi bir dizi etkinlikle ortak oldu. B\u00fcy\u00fck\u015fehir Belediyesi MASK\u0130 \u0130kiz Kuleler Konferans Salonu\u2019nda Do\u00e7. Dr. Ersin Afacan taraf\u0131ndan &#8220;Cumhuriyetimizin 102. Y\u0131l\u0131nda T\u00fcrkiye\u2019de Spor&#8221; konulu s\u00f6yle\u015fi d\u00fczenlendi. S\u00f6yle\u015fiye Yunusemre Belediye Ba\u015fkanvekili Ali Kuyumcu, Ba\u015fkan Yard\u0131mc\u0131lar\u0131 Emine \u00d6zge Arslan, Hakan G\u00fcrtunca, Mehmet Mesut Do\u011fan, Yusuf Ata\u00e7, CHP Yunusemre \u0130l\u00e7e Ba\u015fkan\u0131 Yal\u00e7\u0131n Arcak, Yunusemre Belediyespor Ba\u015fkan\u0131 B\u00fclent Kanik, YODA\u015e Genel M\u00fcd\u00fcr\u00fc Cahit Kaplan, MAYEB Y\u00f6netim Kurulu Ba\u015fkan Yard\u0131mc\u0131s\u0131 Cengiz Balkan, meclis \u00fcyeleri, belediye m\u00fcd\u00fcrleri, muhtarlar, davetliler ve \u00e7ok say\u0131da vatanda\u015f kat\u0131ld\u0131.<\/p>\n<p>Ba\u015fkan Balaban\u2019a te\u015fekk\u00fcr<br \/>\n<br \/>Do\u00e7. Dr. Afacan\u2019\u0131n s\u00f6yle\u015fisinin ard\u0131ndan Manisa\u2019da spora de\u011fer katm\u0131\u015f isimlere, d\u00fczenlenen Vefa Gecesi\u2019nde plaket takdimi yap\u0131ld\u0131. Etkinlikte s\u0131k s\u0131k eski sporcularla olan hat\u0131ralar\u0131n\u0131 payla\u015fan Ba\u015fkan Yard\u0131mc\u0131s\u0131 G\u00fcrtunca, dinleyenleri eski g\u00fcnlere g\u00f6t\u00fcrd\u00fc. Gecenin ilerleyen saatlerine dek s\u00fcren etkinlikte 78 isme plaket takdimi yap\u0131ld\u0131. Plaket alan isimler, d\u00fczenlenen &#8220;Vefa Gecesi&#8221; i\u00e7in Yunusemre Belediye Ba\u015fkan\u0131 Semih Balaban ba\u015fta olmak \u00fczere eme\u011fi ge\u00e7en herkese te\u015fekk\u00fcr etti.<br \/><\/p>\n","protected":false},"excerpt":{"rendered":"<p>Yunusemre Belediyesi, 29 Ekim Cumhuriyet Bayram\u0131 etkinlikleri kapsam\u0131nda &#8220;Cumhuriyetimizin 102. Y\u0131l\u0131nda T\u00fcrkiye\u2019de Spor&#8221; konulu s\u00f6yle\u015fi d\u00fczenledi. Etkinlikte ayr\u0131ca Vefa Gecesi yap\u0131larak Manisa\u2019n\u0131n spor hayat\u0131na de\u011fer katm\u0131\u015f isimlere plaket takdim edildi. Cumhuriyet co\u015fkusunun doyas\u0131ya ya\u015fand\u0131\u011f\u0131 kentte Yunusemre Belediyesi de bu co\u015fkuya d\u00fczenledi\u011fi bir dizi etkinlikle ortak oldu. B\u00fcy\u00fck\u015fehir Belediyesi MASK\u0130 \u0130kiz Kuleler Konferans Salonu\u2019nda Do\u00e7. Dr&#8230;.<\/p>\n","protected":false},"author":1,"featured_media":64876,"comment_status":"open","ping_status":"open","sticky":false,"template":"","format":"standard","meta":{"_crdt_document":"","footnotes":""},"categories":[123],"tags":[],"class_list":["post-64875","post","type-post","status-publish","format-standard","has-post-thumbnail","hentry","category-gundem"],"_links":{"self":[{"href":"https:\/\/www.egemtv.com\/index.php?rest_route=\/wp\/v2\/posts\/64875","targetHints":{"allow":["GET"]}}],"collection":[{"href":"https:\/\/www.egemtv.com\/index.php?rest_route=\/wp\/v2\/posts"}],"about":[{"href":"https:\/\/www.egemtv.com\/index.php?rest_route=\/wp\/v2\/types\/post"}],"author":[{"embeddable":true,"href":"https:\/\/www.egemtv.com\/index.php?rest_route=\/wp\/v2\/users\/1"}],"replies":[{"embeddable":true,"href":"https:\/\/www.egemtv.com\/index.php?rest_route=%2Fwp%2Fv2%2Fcomments&post=64875"}],"version-history":[{"count":1,"href":"https:\/\/www.egemtv.com\/index.php?rest_route=\/wp\/v2\/posts\/64875\/revisions"}],"predecessor-version":[{"id":64877,"href":"https:\/\/www.egemtv.com\/index.php?rest_route=\/wp\/v2\/posts\/64875\/revisions\/64877"}],"wp:featuredmedia":[{"embeddable":true,"href":"https:\/\/www.egemtv.com\/index.php?rest_route=\/wp\/v2\/media\/64876"}],"wp:attachment":[{"href":"https:\/\/www.egemtv.com\/index.php?rest_route=%2Fwp%2Fv2%2Fmedia&parent=64875"}],"wp:term":[{"taxonomy":"category","embeddable":true,"href":"https:\/\/www.egemtv.com\/index.php?rest_route=%2Fwp%2Fv2%2Fcategories&post=64875"},{"taxonomy":"post_tag","embeddable":true,"href":"https:\/\/www.egemtv.com\/index.php?rest_route=%2Fwp%2Fv2%2Ftags&post=64875"}],"curies":[{"name":"wp","href":"https:\/\/api.w.org\/{rel}","templated":true}]}}