{"id":64872,"date":"2025-10-30T15:14:56","date_gmt":"2025-10-30T12:14:56","guid":{"rendered":"https:\/\/www.egemtv.com\/?p=64872"},"modified":"2025-10-30T15:14:57","modified_gmt":"2025-10-30T12:14:57","slug":"manisada-okul-sporlari-heyecani-judo-ile-basladi","status":"publish","type":"post","link":"https:\/\/www.egemtv.com\/?p=64872","title":{"rendered":"Manisa\u2019da okul sporlar\u0131 heyecan\u0131 judo ile ba\u015flad\u0131"},"content":{"rendered":"<p>Gen\u00e7lik ve Spor Bakanl\u0131\u011f\u0131 taraf\u0131ndan organize edilen 2025-2026 E\u011fitim \u00d6\u011fretim Y\u0131l\u0131 Okul Sporlar\u0131 M\u00fcsabakalar\u0131, Manisa\u2019da judo bran\u015f\u0131yla ba\u015flad\u0131.<br \/>\n<br \/>Manisa Gen\u00e7lik ve Spor \u0130l M\u00fcd\u00fcrl\u00fc\u011f\u00fc koordinesinde ger\u00e7ekle\u015ftirilen Okul Sporlar\u0131 \u0130l Birincili\u011fi judo m\u00fcsabakalar\u0131, gen\u00e7 k\u0131zlar ve erkekler kategorilerinde k\u0131yas\u0131ya m\u00fccadelelere sahne oldu.<br \/>\n<br \/>Manisa Atat\u00fcrk Spor Salonu\u2019nda d\u00fczenlenen a\u00e7\u0131l\u0131\u015f seremonisine Okul Sporlar\u0131 \u015eube M\u00fcd\u00fcr\u00fc Fatih Umut Alt\u0131n\u0131\u015f\u0131k, Judo \u0130l Temsilcisi Serhat Demir, antren\u00f6rler ve \u00e7ok say\u0131da sporcu kat\u0131ld\u0131. A\u00e7\u0131l\u0131\u015f\u0131n ard\u0131ndan sporcular, il birincili\u011fi unvan\u0131 i\u00e7in tatamide ter d\u00f6kt\u00fc.<br \/>\n<br \/>Bu sezon Manisa genelinde 63 farkl\u0131 bran\u015fta okul sporlar\u0131 m\u00fcsabakalar\u0131 yap\u0131lacak. \u0130l birincili\u011fi m\u00fcsabakalar\u0131nda dereceye giren tak\u0131mlar, iller aras\u0131 grup, yar\u0131 final ve final etaplar\u0131nda Manisa\u2019y\u0131 temsil edecek. M\u00fcsabakalar; minikler, k\u00fc\u00e7\u00fckler, y\u0131ld\u0131zlar ve gen\u00e7ler kategorilerinde, merkez ve t\u00fcm il\u00e7elerdeki okullar\u0131n kat\u0131l\u0131m\u0131yla ger\u00e7ekle\u015ftirilecek.<\/p>\n<p>&#8220;Bu sene hedefimiz b\u00fcy\u00fck&#8221;<br \/>\n<br \/>Manisa Gen\u00e7lik ve Spor \u0130l M\u00fcd\u00fcr\u00fc Yunus \u00d6zt\u00fcrk, yeni okul sporlar\u0131 sezonunun sadece bir yar\u0131\u015f de\u011fil, ayn\u0131 zamanda gelece\u011fin y\u0131ld\u0131z sporcular\u0131n\u0131n yeti\u015fti\u011fi bir ba\u015flang\u0131\u00e7 noktas\u0131 oldu\u011funu vurgulayarak, &#8220;Okul sporlar\u0131, spor k\u00fclt\u00fcr\u00fcn\u00fc yayg\u0131nla\u015ft\u0131rman\u0131n en g\u00fc\u00e7l\u00fc ad\u0131m\u0131. Bu sezon hedefimiz b\u00fcy\u00fck. 55 bin \u00f6\u011frencimizi sporun i\u00e7inde g\u00f6rmek istiyoruz. Her bran\u015fta potansiyel \u015fampiyonlar\u0131m\u0131z\u0131 ke\u015ffetmek, onlar\u0131 do\u011fru y\u00f6nlendirmek ve T\u00fcrkiye\u2019ye yeni ba\u015far\u0131 hikayeleri kazand\u0131rmak i\u00e7in sahaday\u0131z. Spor; disiplin, m\u00fccadele, dayan\u0131\u015fma ve \u00f6zg\u00fcven demektir. Biz, Manisa\u2019y\u0131 bu de\u011ferlerle b\u00fcy\u00fct\u00fcyoruz. Tatamide, sahada, parkurda, kortta ter d\u00f6ken t\u00fcm \u00f6\u011frencilerimizi g\u00f6n\u00fclden kutluyorum. Bu heyecan dolu sezonda ba\u015far\u0131, azim ve spor ruhu her zaman yan\u0131m\u0131zda olacak.&#8221; dedi.<br \/><\/p>\n","protected":false},"excerpt":{"rendered":"<p>Gen\u00e7lik ve Spor Bakanl\u0131\u011f\u0131 taraf\u0131ndan organize edilen 2025-2026 E\u011fitim \u00d6\u011fretim Y\u0131l\u0131 Okul Sporlar\u0131 M\u00fcsabakalar\u0131, Manisa\u2019da judo bran\u015f\u0131yla ba\u015flad\u0131. Manisa Gen\u00e7lik ve Spor \u0130l M\u00fcd\u00fcrl\u00fc\u011f\u00fc koordinesinde ger\u00e7ekle\u015ftirilen Okul Sporlar\u0131 \u0130l Birincili\u011fi judo m\u00fcsabakalar\u0131, gen\u00e7 k\u0131zlar ve erkekler kategorilerinde k\u0131yas\u0131ya m\u00fccadelelere sahne oldu. Manisa Atat\u00fcrk Spor Salonu\u2019nda d\u00fczenlenen a\u00e7\u0131l\u0131\u015f seremonisine Okul Sporlar\u0131 \u015eube M\u00fcd\u00fcr\u00fc Fatih Umut Alt\u0131n\u0131\u015f\u0131k,&#8230;<\/p>\n","protected":false},"author":1,"featured_media":64873,"comment_status":"open","ping_status":"open","sticky":false,"template":"","format":"standard","meta":{"_crdt_document":"","footnotes":""},"categories":[4],"tags":[],"class_list":["post-64872","post","type-post","status-publish","format-standard","has-post-thumbnail","hentry","category-spor"],"_links":{"self":[{"href":"https:\/\/www.egemtv.com\/index.php?rest_route=\/wp\/v2\/posts\/64872","targetHints":{"allow":["GET"]}}],"collection":[{"href":"https:\/\/www.egemtv.com\/index.php?rest_route=\/wp\/v2\/posts"}],"about":[{"href":"https:\/\/www.egemtv.com\/index.php?rest_route=\/wp\/v2\/types\/post"}],"author":[{"embeddable":true,"href":"https:\/\/www.egemtv.com\/index.php?rest_route=\/wp\/v2\/users\/1"}],"replies":[{"embeddable":true,"href":"https:\/\/www.egemtv.com\/index.php?rest_route=%2Fwp%2Fv2%2Fcomments&post=64872"}],"version-history":[{"count":1,"href":"https:\/\/www.egemtv.com\/index.php?rest_route=\/wp\/v2\/posts\/64872\/revisions"}],"predecessor-version":[{"id":64874,"href":"https:\/\/www.egemtv.com\/index.php?rest_route=\/wp\/v2\/posts\/64872\/revisions\/64874"}],"wp:featuredmedia":[{"embeddable":true,"href":"https:\/\/www.egemtv.com\/index.php?rest_route=\/wp\/v2\/media\/64873"}],"wp:attachment":[{"href":"https:\/\/www.egemtv.com\/index.php?rest_route=%2Fwp%2Fv2%2Fmedia&parent=64872"}],"wp:term":[{"taxonomy":"category","embeddable":true,"href":"https:\/\/www.egemtv.com\/index.php?rest_route=%2Fwp%2Fv2%2Fcategories&post=64872"},{"taxonomy":"post_tag","embeddable":true,"href":"https:\/\/www.egemtv.com\/index.php?rest_route=%2Fwp%2Fv2%2Ftags&post=64872"}],"curies":[{"name":"wp","href":"https:\/\/api.w.org\/{rel}","templated":true}]}}