{"id":64869,"date":"2025-10-30T14:54:48","date_gmt":"2025-10-30T11:54:48","guid":{"rendered":"https:\/\/www.egemtv.com\/?p=64869"},"modified":"2025-10-30T14:54:49","modified_gmt":"2025-10-30T11:54:49","slug":"izmir-buyuksehir-cop-tesisi-icin-menemenden-vazgecti-baskan-pehlivan-basardik","status":"publish","type":"post","link":"https:\/\/www.egemtv.com\/?p=64869","title":{"rendered":"\u0130zmir B\u00fcy\u00fck\u015fehir \u00e7\u00f6p tesisi i\u00e7in Menemen\u2019den vazge\u00e7ti, Ba\u015fkan Pehlivan: &#8220;Ba\u015fard\u0131k&#8221;"},"content":{"rendered":"<p>\u0130zmir B\u00fcy\u00fck\u015fehir Belediyesi\u2019nin Menemen-\u00c7alt\u0131\u2019da yapmay\u0131 planlad\u0131\u011f\u0131 kat\u0131 at\u0131k tesisi projesinden vazge\u00e7ilmesi, il\u00e7ede sevin\u00e7le kar\u015f\u0131land\u0131. Menemen Belediye Ba\u015fkan\u0131 Ayd\u0131n Pehlivan, \u0130zmir B\u00fcy\u00fck\u015fehir\u2019in karar\u0131n\u0131 halk\u0131n birlik ve kararl\u0131l\u0131\u011f\u0131n\u0131n bir sonucu olarak de\u011ferlendirdi.<\/p>\n<p>Menemen Belediye Ba\u015fkan\u0131 Ayd\u0131n Pehlivan, \u0130zmir B\u00fcy\u00fck\u015fehir Belediye Ba\u015fkan\u0131 Cemil Tugay\u2019\u0131n Menemen-\u00c7alt\u0131 Mahallesi\u2019nde yap\u0131lmas\u0131 planlanan kat\u0131 at\u0131k tesisi projesinden vazge\u00e7ildi\u011fini duyurmas\u0131n\u0131n ard\u0131ndan yaz\u0131l\u0131 bir a\u00e7\u0131klama yapt\u0131. Ba\u015fkan Pehlivan, bu s\u00fcre\u00e7te g\u00f6sterilen dayan\u0131\u015fma ve birlikteli\u011fin Menemen\u2019in gelece\u011fi a\u00e7\u0131s\u0131ndan tarihi bir \u00f6rnek olu\u015fturdu\u011funu vurgulad\u0131.<\/p>\n<p>&#8220;Destek olan herkese en kalbi \u015f\u00fckranlar\u0131m\u0131 sunuyorum&#8221;<br \/>\n<br \/>Pehlivan a\u00e7\u0131klamas\u0131nda, projeye kar\u015f\u0131 verilen m\u00fccadelede desteklerini esirgemeyen ki\u015fi ve kurumlara te\u015fekk\u00fcr ederek \u015fu ifadeleri kulland\u0131: &#8220;\u00d6ncelikle bu zorlu s\u00fcre\u00e7te deste\u011fini bizden hi\u00e7 esirgemeyen AK Parti Genel Sekreterimiz, \u0130zmir Milletvekilimiz Sn. Eyy\u00fcp Kadir \u0130nan\u2019a ve t\u00fcm milletvekillerimize, \u0130l Ba\u015fkan\u0131m\u0131z Sn. Bilal Sayg\u0131l\u0131\u2019ya, MHP \u0130l Ba\u015fkan\u0131m\u0131z Say\u0131n Veysel \u015eahin\u2019e, il ve il\u00e7e te\u015fkilatlar\u0131m\u0131za, t\u00fcm muhtarlar\u0131m\u0131za, belediye aileme, \u00e7evre, sa\u011fl\u0131k ve toplum i\u00e7in \u00e7al\u0131\u015fan derneklerimize, meslek odalar\u0131m\u0131za ve uzman birliklerimize, okullar\u0131m\u0131za, \u00fcniversitelerimize ve gen\u00e7lik gruplar\u0131m\u0131za, doktorlar\u0131m\u0131za, hem\u015firelerimize ve sa\u011fl\u0131k kurulu\u015flar\u0131m\u0131za, sanat\u00e7\u0131lar\u0131m\u0131za, hukuk destek gruplar\u0131m\u0131za, bas\u0131n ve medya temsilcilerimize, duyarl\u0131l\u0131k g\u00f6steren t\u00fcm siyasi partilerimize ve elbette her zaman en b\u00fcy\u00fck g\u00fcc\u00fcm\u00fcz olan B\u00fcy\u00fck Menemen Ailem\u2019e en kalbi \u015f\u00fckranlar\u0131m\u0131 sunuyorum.&#8221;<\/p>\n<p>&#8220;Tek y\u00fcrek olduk, g\u00fc\u00e7l\u00fc bir duru\u015f sergiledik&#8221;<br \/>\n<br \/>Menemen halk\u0131n\u0131n bu s\u00fcre\u00e7te b\u00fcy\u00fck bir dayan\u0131\u015fma \u00f6rne\u011fi sergiledi\u011fini belirten Ba\u015fkan Pehlivan, a\u00e7\u0131klamas\u0131nda \u015fu ifadelere yer verdi: &#8220;Hep birlikte b\u00fcy\u00fck bir s\u0131nav verdik. \u0130zmir B\u00fcy\u00fck\u015fehir Belediyesi\u2019nin \u00c7alt\u0131 Mahallemize kurmak istedi\u011fi \u00e7\u00f6p depolama tesisi giri\u015fimine kar\u015f\u0131, Belediyemizin \u00f6nc\u00fcl\u00fc\u011f\u00fcnde tek y\u00fcrek olduk, tek ses olduk, bir ve beraberlikle g\u00fc\u00e7l\u00fc bir duru\u015f sergiledik. Her siyasi g\u00f6r\u00fc\u015ften, her meslek grubundan, her mahalleden insan\u0131m\u0131zla Menemen\u2019in gelece\u011fine sahip \u00e7\u0131kt\u0131k. Bu m\u00fccadele sadece bir \u00e7evre m\u00fccadelesi de\u011fildi; Menemen\u2019in havas\u0131na, suyuna, topra\u011f\u0131na, \u00e7ocuklar\u0131n\u0131n yar\u0131nlar\u0131na sahip \u00e7\u0131kma m\u00fccadelesiydi. Ve hep birlikte kazand\u0131k.&#8221;<\/p>\n<p>&#8220;Tugay\u2019\u0131n a\u00e7\u0131klamas\u0131 halk\u0131n kararl\u0131l\u0131\u011f\u0131n\u0131n sonucudur&#8221;<br \/>\n<br \/>Pehlivan, \u0130zmir B\u00fcy\u00fck\u015fehir Belediye Ba\u015fkan\u0131 Cemil Tugay\u2019\u0131n &#8220;Menemen \u00c7alt\u0131 ile ilgili bir talebimiz yok&#8221; a\u00e7\u0131klamas\u0131n\u0131 de\u011ferlendirerek, bunun Menemen halk\u0131n\u0131n kararl\u0131 duru\u015funun bir sonucu oldu\u011funu belirtti. Pehlivan, &#8220;Bu sonu\u00e7, sadece bir iptalin de\u011fil; Menemen halk\u0131n\u0131n bir ve beraber olmas\u0131n\u0131n zaferidir. Y\u0131llar boyunca ba\u015f\u0131m\u0131za dert olabilecek bir tehlikeyi hep birlikte kararl\u0131l\u0131kla \u00f6nlerken, ayn\u0131 zamanda kent bilincimizi, ortak sorumlulu\u011fumuzu ve dayan\u0131\u015fma k\u00fclt\u00fcr\u00fcm\u00fcz\u00fc de g\u00fc\u00e7lendirdik&#8221; a\u00e7\u0131klamas\u0131nda bulundu.<\/p>\n<p>&#8220;Menemen isterse ba\u015faramayaca\u011f\u0131 hi\u00e7bir \u015fey yoktur&#8221;<br \/>\n<br \/>Ba\u015fkan Pehlivan, Menemen halk\u0131n\u0131n bundan sonraki s\u00fcre\u00e7te de ayn\u0131 kararl\u0131l\u0131kla hareket edece\u011fini vurgulayarak \u015funlar\u0131 kaydetti: &#8220;Art\u0131k biliyoruz ki; Menemen halk\u0131 isterse, Menemen halk\u0131 birle\u015firse, ba\u015faramayaca\u011f\u0131 hi\u00e7bir \u015fey yoktur. Yar\u0131n il\u00e7emizde ba\u015fka bir tehditle kar\u015f\u0131la\u015ft\u0131\u011f\u0131m\u0131zda, nas\u0131l bir araya gelebilece\u011fimizi, nas\u0131l tek ses olaca\u011f\u0131m\u0131z\u0131 art\u0131k \u00e7ok daha iyi biliyoruz. Bu m\u00fccadele bize g\u00fc\u00e7l\u00fc Menemen olman\u0131n \u00f6nemini yeniden hat\u0131rlatt\u0131. Bu s\u00fcre\u00e7te yan\u0131m\u0131zda olan her ki\u015fi, her kurum, her g\u00f6n\u00fcll\u00fc bizim i\u00e7in \u00e7ok k\u0131ymetliydi. Her birinize ayr\u0131 ayr\u0131 te\u015fekk\u00fcr ediyorum. Sizler sadece bir karara kar\u015f\u0131 \u00e7\u0131kan insanlar de\u011fil; ayn\u0131 zamanda Menemen\u2019in onurunu, do\u011fas\u0131n\u0131 ve gelece\u011fini savunan kahramanlars\u0131n\u0131z. Bug\u00fcn g\u00f6n\u00fcl rahatl\u0131\u011f\u0131yla s\u00f6yl\u00fcyorum: Bu ba\u015far\u0131 hepimizin ortak ba\u015far\u0131s\u0131d\u0131r. Ben sizlerle gurur duyuyorum, sizler de kendinizle gurur duymal\u0131s\u0131n\u0131z.&#8221;<\/p>\n<p>&#8220;Menemen, ya\u015fayan ve ya\u015fatanlar\u0131n kentidir&#8221;<br \/>\n<br \/>Ba\u015fkan Pehlivan, Menemen\u2019in dayan\u0131\u015fma ruhunu bir kez daha kan\u0131tlad\u0131\u011f\u0131n\u0131 vurgulayarak a\u00e7\u0131klamas\u0131n\u0131 \u015fu s\u00f6zlerle tamamlad\u0131: &#8220;Bu fark\u0131ndal\u0131k, bu kararl\u0131l\u0131k ve bu dayan\u0131\u015fma sayesinde Menemen, bir kez daha akl\u0131n, vicdan\u0131n ve ortak iradenin kenti oldu\u011funu ispatlad\u0131. \u00c7\u00fcnk\u00fc Menemen, ya\u015fayan ve ya\u015fatanlar\u0131n kentidir. Ben Ayd\u0131n Pehlivan olarak, bu onurlu direni\u015fin bir par\u00e7as\u0131 olmaktan b\u00fcy\u00fck gurur duyuyorum. Ve diyorum ki: \u0130yi ki vars\u0131n\u0131z \u0130yi ki Menemen var \u0130yi ki b\u00fcy\u00fck ve g\u00fc\u00e7l\u00fc Menemen ailemiz var!&#8221;<br \/><\/p>\n","protected":false},"excerpt":{"rendered":"<p>\u0130zmir B\u00fcy\u00fck\u015fehir Belediyesi\u2019nin Menemen-\u00c7alt\u0131\u2019da yapmay\u0131 planlad\u0131\u011f\u0131 kat\u0131 at\u0131k tesisi projesinden vazge\u00e7ilmesi, il\u00e7ede sevin\u00e7le kar\u015f\u0131land\u0131. Menemen Belediye Ba\u015fkan\u0131 Ayd\u0131n Pehlivan, \u0130zmir B\u00fcy\u00fck\u015fehir\u2019in karar\u0131n\u0131 halk\u0131n birlik ve kararl\u0131l\u0131\u011f\u0131n\u0131n bir sonucu olarak de\u011ferlendirdi. Menemen Belediye Ba\u015fkan\u0131 Ayd\u0131n Pehlivan, \u0130zmir B\u00fcy\u00fck\u015fehir Belediye Ba\u015fkan\u0131 Cemil Tugay\u2019\u0131n Menemen-\u00c7alt\u0131 Mahallesi\u2019nde yap\u0131lmas\u0131 planlanan kat\u0131 at\u0131k tesisi projesinden vazge\u00e7ildi\u011fini duyurmas\u0131n\u0131n ard\u0131ndan yaz\u0131l\u0131 bir a\u00e7\u0131klama&#8230;<\/p>\n","protected":false},"author":1,"featured_media":64870,"comment_status":"open","ping_status":"open","sticky":false,"template":"","format":"standard","meta":{"_crdt_document":"","footnotes":""},"categories":[1],"tags":[],"class_list":["post-64869","post","type-post","status-publish","format-standard","has-post-thumbnail","hentry","category-guncel"],"_links":{"self":[{"href":"https:\/\/www.egemtv.com\/index.php?rest_route=\/wp\/v2\/posts\/64869","targetHints":{"allow":["GET"]}}],"collection":[{"href":"https:\/\/www.egemtv.com\/index.php?rest_route=\/wp\/v2\/posts"}],"about":[{"href":"https:\/\/www.egemtv.com\/index.php?rest_route=\/wp\/v2\/types\/post"}],"author":[{"embeddable":true,"href":"https:\/\/www.egemtv.com\/index.php?rest_route=\/wp\/v2\/users\/1"}],"replies":[{"embeddable":true,"href":"https:\/\/www.egemtv.com\/index.php?rest_route=%2Fwp%2Fv2%2Fcomments&post=64869"}],"version-history":[{"count":1,"href":"https:\/\/www.egemtv.com\/index.php?rest_route=\/wp\/v2\/posts\/64869\/revisions"}],"predecessor-version":[{"id":64871,"href":"https:\/\/www.egemtv.com\/index.php?rest_route=\/wp\/v2\/posts\/64869\/revisions\/64871"}],"wp:featuredmedia":[{"embeddable":true,"href":"https:\/\/www.egemtv.com\/index.php?rest_route=\/wp\/v2\/media\/64870"}],"wp:attachment":[{"href":"https:\/\/www.egemtv.com\/index.php?rest_route=%2Fwp%2Fv2%2Fmedia&parent=64869"}],"wp:term":[{"taxonomy":"category","embeddable":true,"href":"https:\/\/www.egemtv.com\/index.php?rest_route=%2Fwp%2Fv2%2Fcategories&post=64869"},{"taxonomy":"post_tag","embeddable":true,"href":"https:\/\/www.egemtv.com\/index.php?rest_route=%2Fwp%2Fv2%2Ftags&post=64869"}],"curies":[{"name":"wp","href":"https:\/\/api.w.org\/{rel}","templated":true}]}}