{"id":64863,"date":"2025-10-30T14:54:44","date_gmt":"2025-10-30T11:54:44","guid":{"rendered":"https:\/\/www.egemtv.com\/?p=64863"},"modified":"2025-10-30T14:54:47","modified_gmt":"2025-10-30T11:54:47","slug":"trafikte-yolun-ortasinda-kalan-otomobili-kadin-polis-tek-basina-ittirerek-calistirdi","status":"publish","type":"post","link":"https:\/\/www.egemtv.com\/?p=64863","title":{"rendered":"Trafikte yolun ortas\u0131nda kalan otomobili kad\u0131n polis tek ba\u015f\u0131na ittirerek \u00e7al\u0131\u015ft\u0131rd\u0131"},"content":{"rendered":"<p>Afyonkarahisar\u2019da kad\u0131n trafik polisinin yolda aniden stop eden otomobili tek ba\u015f\u0131na ittirerek yeniden \u00e7al\u0131\u015fmas\u0131n\u0131 sa\u011flad\u0131\u011f\u0131 anlar cep telefonu kameralar\u0131 taraf\u0131ndan g\u00f6r\u00fcnt\u00fclendi.<br \/>\n<br \/>\u0130lgin\u00e7 olay kent merkezinde meydana geldi. \u0130smi \u00f6\u011frenilemeyen kad\u0131n trafik polisi g\u00f6rev yapt\u0131\u011f\u0131 kav\u015fakta bir otomobilin aniden stop etti\u011fini fark etti. Trafi\u011fin yava\u015flay\u0131p ve durmamas\u0131 i\u00e7in s\u00fcr\u00fcc\u00fcn\u00fcn yan\u0131na giden kad\u0131n polis ard\u0131ndan arac\u0131 tek ba\u015f\u0131na ittirerek \u00e7al\u0131\u015fmas\u0131n\u0131 sa\u011flad\u0131. Kad\u0131n polisin arac\u0131 tek ba\u015f\u0131na ittirdi\u011fi anlar ise vatanda\u015flar taraf\u0131ndan cep telefonu ile g\u00f6r\u00fcnt\u00fclendi.<br \/>\n<br \/>G\u00f6r\u00fcnt\u00fcy\u00fc izleyen vatanda\u015flar ise polise te\u015fekk\u00fcr ederek, polisin sadece olaylara m\u00fcdahale etmedi\u011fini ayn\u0131 zamanda vatanda\u015f\u0131n her daim yan\u0131nda oldu\u011funu ve onlara destek sundu\u011funu hat\u0131rlatt\u0131lar.<br \/><\/p>\n","protected":false},"excerpt":{"rendered":"<p>Afyonkarahisar\u2019da kad\u0131n trafik polisinin yolda aniden stop eden otomobili tek ba\u015f\u0131na ittirerek yeniden \u00e7al\u0131\u015fmas\u0131n\u0131 sa\u011flad\u0131\u011f\u0131 anlar cep telefonu kameralar\u0131 taraf\u0131ndan g\u00f6r\u00fcnt\u00fclendi. \u0130lgin\u00e7 olay kent merkezinde meydana geldi. \u0130smi \u00f6\u011frenilemeyen kad\u0131n trafik polisi g\u00f6rev yapt\u0131\u011f\u0131 kav\u015fakta bir otomobilin aniden stop etti\u011fini fark etti. Trafi\u011fin yava\u015flay\u0131p ve durmamas\u0131 i\u00e7in s\u00fcr\u00fcc\u00fcn\u00fcn yan\u0131na giden kad\u0131n polis ard\u0131ndan arac\u0131 tek&#8230;<\/p>\n","protected":false},"author":1,"featured_media":64864,"comment_status":"open","ping_status":"open","sticky":false,"template":"","format":"standard","meta":{"_crdt_document":"","footnotes":""},"categories":[1],"tags":[],"class_list":["post-64863","post","type-post","status-publish","format-standard","has-post-thumbnail","hentry","category-guncel"],"_links":{"self":[{"href":"https:\/\/www.egemtv.com\/index.php?rest_route=\/wp\/v2\/posts\/64863","targetHints":{"allow":["GET"]}}],"collection":[{"href":"https:\/\/www.egemtv.com\/index.php?rest_route=\/wp\/v2\/posts"}],"about":[{"href":"https:\/\/www.egemtv.com\/index.php?rest_route=\/wp\/v2\/types\/post"}],"author":[{"embeddable":true,"href":"https:\/\/www.egemtv.com\/index.php?rest_route=\/wp\/v2\/users\/1"}],"replies":[{"embeddable":true,"href":"https:\/\/www.egemtv.com\/index.php?rest_route=%2Fwp%2Fv2%2Fcomments&post=64863"}],"version-history":[{"count":1,"href":"https:\/\/www.egemtv.com\/index.php?rest_route=\/wp\/v2\/posts\/64863\/revisions"}],"predecessor-version":[{"id":64865,"href":"https:\/\/www.egemtv.com\/index.php?rest_route=\/wp\/v2\/posts\/64863\/revisions\/64865"}],"wp:featuredmedia":[{"embeddable":true,"href":"https:\/\/www.egemtv.com\/index.php?rest_route=\/wp\/v2\/media\/64864"}],"wp:attachment":[{"href":"https:\/\/www.egemtv.com\/index.php?rest_route=%2Fwp%2Fv2%2Fmedia&parent=64863"}],"wp:term":[{"taxonomy":"category","embeddable":true,"href":"https:\/\/www.egemtv.com\/index.php?rest_route=%2Fwp%2Fv2%2Fcategories&post=64863"},{"taxonomy":"post_tag","embeddable":true,"href":"https:\/\/www.egemtv.com\/index.php?rest_route=%2Fwp%2Fv2%2Ftags&post=64863"}],"curies":[{"name":"wp","href":"https:\/\/api.w.org\/{rel}","templated":true}]}}