{"id":64857,"date":"2025-10-30T14:34:43","date_gmt":"2025-10-30T11:34:43","guid":{"rendered":"https:\/\/www.egemtv.com\/?p=64857"},"modified":"2025-10-30T14:34:43","modified_gmt":"2025-10-30T11:34:43","slug":"burdurda-2-otomobil-kafa-kafaya-carpisti-3-yarali","status":"publish","type":"post","link":"https:\/\/www.egemtv.com\/?p=64857","title":{"rendered":"Burdur\u2019da 2 otomobil kafa kafaya \u00e7arp\u0131\u015ft\u0131: 3 yaral\u0131"},"content":{"rendered":"<p>Burdur\u2019un G\u00f6lhisar il\u00e7esinde iki otomobilin kafa kafaya \u00e7arp\u0131\u015fmas\u0131 sonucu meydana gelen trafik kazas\u0131nda 3 ki\u015fi yaraland\u0131.<br \/>\n<br \/>Kaza, saat 12.00 s\u0131ralar\u0131nda \u00c7avd\u0131r-G\u00f6lhisar Kara yolu \u00fczeri Kayac\u0131k K\u00f6y\u00fc mevkiinde meydana geldi. Edinilen bilgiye g\u00f6re, A.\u00d6. (29) idaresindeki 15 HA 442 plakal\u0131 otomobil ile kar\u015f\u0131 istikametten gelen M.K. (26) idaresindeki 15 AAD 878 plakal\u0131 otomobil kafa kafaya \u00e7arp\u0131\u015ft\u0131. \u00c7arp\u0131\u015fman\u0131n etkisiyle 15 HA 442 plakal\u0131 otomobil \u015farampole devrilirken her iki otomobil s\u00fcr\u00fcc\u00fcs\u00fc ve devrilen otomobilde yolcu olarak bulunan H.K. yaraland\u0131. \u00c7evredeki vatanda\u015flar\u0131n ihbar\u0131 \u00fczerine adrese sa\u011fl\u0131k ve jandarma ekipleri sevk edildi. Yaral\u0131lar sa\u011fl\u0131k ekipleri taraf\u0131ndan yap\u0131lan ilk m\u00fcdahalenin ard\u0131ndan ambulanslarla G\u00f6lhisar Devlet Hastanesine kald\u0131r\u0131larak tedavi alt\u0131na al\u0131nd\u0131.<br \/>\n<br \/>Kazayla ilgili tahkikat ba\u015flat\u0131ld\u0131.<br \/><\/p>\n","protected":false},"excerpt":{"rendered":"<p>Burdur\u2019un G\u00f6lhisar il\u00e7esinde iki otomobilin kafa kafaya \u00e7arp\u0131\u015fmas\u0131 sonucu meydana gelen trafik kazas\u0131nda 3 ki\u015fi yaraland\u0131. Kaza, saat 12.00 s\u0131ralar\u0131nda \u00c7avd\u0131r-G\u00f6lhisar Kara yolu \u00fczeri Kayac\u0131k K\u00f6y\u00fc mevkiinde meydana geldi. Edinilen bilgiye g\u00f6re, A.\u00d6. (29) idaresindeki 15 HA 442 plakal\u0131 otomobil ile kar\u015f\u0131 istikametten gelen M.K. (26) idaresindeki 15 AAD 878 plakal\u0131 otomobil kafa kafaya \u00e7arp\u0131\u015ft\u0131&#8230;.<\/p>\n","protected":false},"author":1,"featured_media":64858,"comment_status":"open","ping_status":"open","sticky":false,"template":"","format":"standard","meta":{"_crdt_document":"","footnotes":""},"categories":[5],"tags":[],"class_list":["post-64857","post","type-post","status-publish","format-standard","has-post-thumbnail","hentry","category-asayis"],"_links":{"self":[{"href":"https:\/\/www.egemtv.com\/index.php?rest_route=\/wp\/v2\/posts\/64857","targetHints":{"allow":["GET"]}}],"collection":[{"href":"https:\/\/www.egemtv.com\/index.php?rest_route=\/wp\/v2\/posts"}],"about":[{"href":"https:\/\/www.egemtv.com\/index.php?rest_route=\/wp\/v2\/types\/post"}],"author":[{"embeddable":true,"href":"https:\/\/www.egemtv.com\/index.php?rest_route=\/wp\/v2\/users\/1"}],"replies":[{"embeddable":true,"href":"https:\/\/www.egemtv.com\/index.php?rest_route=%2Fwp%2Fv2%2Fcomments&post=64857"}],"version-history":[{"count":1,"href":"https:\/\/www.egemtv.com\/index.php?rest_route=\/wp\/v2\/posts\/64857\/revisions"}],"predecessor-version":[{"id":64859,"href":"https:\/\/www.egemtv.com\/index.php?rest_route=\/wp\/v2\/posts\/64857\/revisions\/64859"}],"wp:featuredmedia":[{"embeddable":true,"href":"https:\/\/www.egemtv.com\/index.php?rest_route=\/wp\/v2\/media\/64858"}],"wp:attachment":[{"href":"https:\/\/www.egemtv.com\/index.php?rest_route=%2Fwp%2Fv2%2Fmedia&parent=64857"}],"wp:term":[{"taxonomy":"category","embeddable":true,"href":"https:\/\/www.egemtv.com\/index.php?rest_route=%2Fwp%2Fv2%2Fcategories&post=64857"},{"taxonomy":"post_tag","embeddable":true,"href":"https:\/\/www.egemtv.com\/index.php?rest_route=%2Fwp%2Fv2%2Ftags&post=64857"}],"curies":[{"name":"wp","href":"https:\/\/api.w.org\/{rel}","templated":true}]}}