{"id":64854,"date":"2025-10-30T14:15:27","date_gmt":"2025-10-30T11:15:27","guid":{"rendered":"https:\/\/www.egemtv.com\/?p=64854"},"modified":"2025-10-30T14:15:28","modified_gmt":"2025-10-30T11:15:28","slug":"emekli-ogretmen-altan-son-yolculuguna-ugurlandi","status":"publish","type":"post","link":"https:\/\/www.egemtv.com\/?p=64854","title":{"rendered":"Emekli \u00f6\u011fretmen Altan son yolculu\u011funa u\u011furland\u0131"},"content":{"rendered":"<p>Manisa\u2019n\u0131n Ala\u015fehir il\u00e7esinde emekli \u00f6\u011fretmen ve eski belediye meclis \u00fcyesi Bilge Altan (57), tedavi g\u00f6rd\u00fc\u011f\u00fc hastanede ya\u015fam\u0131n\u0131 yitirdi; sevenleri son yolculu\u011funda yaln\u0131z b\u0131rakmad\u0131.<br \/>\n<br \/>Manisa\u2019n\u0131n Ala\u015fehir il\u00e7esinde iki \u00e7ocuk annesi i\u015f insan\u0131 Zeki Altan\u2019\u0131n e\u015fi, emekli \u00f6\u011fretmen Bilge Altan (57), yakaland\u0131\u011f\u0131 amans\u0131z hastal\u0131k sonucu hayat\u0131n\u0131 kaybetti.<br \/>\n<br \/>2016 y\u0131l\u0131nda \u00f6\u011fretmenlik mesle\u011finden emekli olan Altan, bir s\u00fcredir tedavi g\u00f6rd\u00fc\u011f\u00fc hastanede d\u00fcn ak\u015fam ya\u015fam\u0131n\u0131 yitirdi. Altan\u2019\u0131n cenazesi, bug\u00fcn \u00f6\u011fle namaz\u0131ndan sonra Pazar Camii\u2019nde k\u0131l\u0131nan cenaze namaz\u0131n\u0131n ard\u0131ndan Yeni Mezarl\u0131k\u2019ta defnedildi.<br \/>\n<br \/>Cenaze t\u00f6renine Ala\u015fehir Belediye Ba\u015fkan\u0131 Ahmet \u00d6k\u00fczc\u00fco\u011flu, Altan ailesinin yak\u0131nlar\u0131, meslekta\u015flar\u0131 ve \u00e7ok say\u0131da vatanda\u015f kat\u0131ld\u0131.<br \/>\n<br \/>Altan\u2019\u0131n, 2019 yerel se\u00e7imlerinde Cumhuriyet Halk Partisi\u2019nden Ala\u015fehir Belediye Meclis \u00dcyeli\u011fi g\u00f6revinde bulundu\u011fu \u00f6\u011frenildi.<br \/><\/p>\n","protected":false},"excerpt":{"rendered":"<p>Manisa\u2019n\u0131n Ala\u015fehir il\u00e7esinde emekli \u00f6\u011fretmen ve eski belediye meclis \u00fcyesi Bilge Altan (57), tedavi g\u00f6rd\u00fc\u011f\u00fc hastanede ya\u015fam\u0131n\u0131 yitirdi; sevenleri son yolculu\u011funda yaln\u0131z b\u0131rakmad\u0131. Manisa\u2019n\u0131n Ala\u015fehir il\u00e7esinde iki \u00e7ocuk annesi i\u015f insan\u0131 Zeki Altan\u2019\u0131n e\u015fi, emekli \u00f6\u011fretmen Bilge Altan (57), yakaland\u0131\u011f\u0131 amans\u0131z hastal\u0131k sonucu hayat\u0131n\u0131 kaybetti. 2016 y\u0131l\u0131nda \u00f6\u011fretmenlik mesle\u011finden emekli olan Altan, bir s\u00fcredir tedavi&#8230;<\/p>\n","protected":false},"author":1,"featured_media":64855,"comment_status":"open","ping_status":"open","sticky":false,"template":"","format":"standard","meta":{"_crdt_document":"","footnotes":""},"categories":[5],"tags":[],"class_list":["post-64854","post","type-post","status-publish","format-standard","has-post-thumbnail","hentry","category-asayis"],"_links":{"self":[{"href":"https:\/\/www.egemtv.com\/index.php?rest_route=\/wp\/v2\/posts\/64854","targetHints":{"allow":["GET"]}}],"collection":[{"href":"https:\/\/www.egemtv.com\/index.php?rest_route=\/wp\/v2\/posts"}],"about":[{"href":"https:\/\/www.egemtv.com\/index.php?rest_route=\/wp\/v2\/types\/post"}],"author":[{"embeddable":true,"href":"https:\/\/www.egemtv.com\/index.php?rest_route=\/wp\/v2\/users\/1"}],"replies":[{"embeddable":true,"href":"https:\/\/www.egemtv.com\/index.php?rest_route=%2Fwp%2Fv2%2Fcomments&post=64854"}],"version-history":[{"count":1,"href":"https:\/\/www.egemtv.com\/index.php?rest_route=\/wp\/v2\/posts\/64854\/revisions"}],"predecessor-version":[{"id":64856,"href":"https:\/\/www.egemtv.com\/index.php?rest_route=\/wp\/v2\/posts\/64854\/revisions\/64856"}],"wp:featuredmedia":[{"embeddable":true,"href":"https:\/\/www.egemtv.com\/index.php?rest_route=\/wp\/v2\/media\/64855"}],"wp:attachment":[{"href":"https:\/\/www.egemtv.com\/index.php?rest_route=%2Fwp%2Fv2%2Fmedia&parent=64854"}],"wp:term":[{"taxonomy":"category","embeddable":true,"href":"https:\/\/www.egemtv.com\/index.php?rest_route=%2Fwp%2Fv2%2Fcategories&post=64854"},{"taxonomy":"post_tag","embeddable":true,"href":"https:\/\/www.egemtv.com\/index.php?rest_route=%2Fwp%2Fv2%2Ftags&post=64854"}],"curies":[{"name":"wp","href":"https:\/\/api.w.org\/{rel}","templated":true}]}}