{"id":64851,"date":"2025-10-30T14:15:26","date_gmt":"2025-10-30T11:15:26","guid":{"rendered":"https:\/\/www.egemtv.com\/?p=64851"},"modified":"2025-10-30T14:15:27","modified_gmt":"2025-10-30T11:15:27","slug":"aydin-buyuksehirin-konserine-yogun-ilgi","status":"publish","type":"post","link":"https:\/\/www.egemtv.com\/?p=64851","title":{"rendered":"Ayd\u0131n B\u00fcy\u00fck\u015fehir\u2019in konserine yo\u011fun ilgi"},"content":{"rendered":"<p>Ayd\u0131n B\u00fcy\u00fck\u015fehir Belediyesi taraf\u0131ndan 29 Ekim Cumhuriyet Bayram\u0131 dolay\u0131s\u0131yla d\u00fczenlenen etkinliklere on binlerce vatanda\u015f kat\u0131ld\u0131. Atat\u00fcrk Kent Meydan\u0131\u2019n\u0131 dolduran vatanda\u015flar, ellerinde T\u00fcrk bayraklar\u0131yla Cumhuriyet\u2019in 102\u2019nci y\u0131l\u0131n\u0131 hep birlikte kutlad\u0131.<br \/>\n<br \/>Cumhuriyet\u2019in ilan\u0131n\u0131n 102\u2019nci y\u0131l\u0131 dolay\u0131s\u0131yla B\u00fcy\u00fck\u015fehir Belediyesi kent genelinde birbirinden renkli etkinlikler d\u00fczenlendi. 29 Ekim Cumhuriyet Bayram\u0131 kutlamalar\u0131n\u0131n ana adresi ise her y\u0131l oldu\u011fu gibi bu y\u0131l da Atat\u00fcrk Kent Meydan\u0131 oldu.<br \/>\n<br \/>Kutlamalar, Atat\u00fcrk Kent Meydan\u0131\u2019nda bulunan havuzda d\u00fczenlenen g\u00f6rsel \u015f\u00f6lenle ba\u015flad\u0131. Ayd\u0131nl\u0131lar\u0131n b\u00fcy\u00fck ilgi g\u00f6sterdi\u011fi \u0131\u015f\u0131k ve ate\u015f g\u00f6sterisi izleyenlerden tam not ald\u0131. G\u00f6rsel \u015f\u00f6lenin ard\u0131ndan sahneye \u00e7\u0131kan sevilen sanat\u00e7\u0131 Semicenk, seslendirdi\u011fi \u015fark\u0131larla Ayd\u0131nl\u0131lara unutulmaz bir gece ya\u015fatt\u0131. Yakla\u015f\u0131k 50 binden fazla vatanda\u015f\u0131n kat\u0131ld\u0131\u011f\u0131 konserde Atat\u00fcrk Kent Meydan\u0131 adeta k\u0131rm\u0131z\u0131-beyaza b\u00fcr\u00fcnd\u00fc. Atat\u00fcrk Kent Meydan\u0131, Cumhuriyet co\u015fkusuna ortak olan vatanda\u015flarla doldu, kalabal\u0131k konser alan\u0131n\u0131n d\u0131\u015f\u0131na ta\u015ft\u0131.<br \/>\n<br \/>Kutlamalar, mar\u015flar ve alk\u0131\u015flar e\u015fli\u011finde sona ererken vatanda\u015flar, d\u00fczenlenen etkinlikler dolay\u0131s\u0131yla Ayd\u0131n B\u00fcy\u00fck\u015fehir Belediye Ba\u015fkan\u0131 \u00d6zlem \u00c7er\u00e7io\u011flu\u2019na te\u015fekk\u00fcr etti.<br \/>\n<br \/>Ba\u015fkan \u00c7er\u00e7io\u011flu: Cumhuriyet Bayram\u0131m\u0131z kutlu olsun<br \/>\n<br \/>Ayd\u0131n B\u00fcy\u00fck\u015fehir Belediye Ba\u015fkan\u0131 \u00d6zlem \u00c7er\u00e7io\u011flu, g\u00fcn\u00fcn anlam ve \u00f6nemine vurgu yaparak, &#8220;Gazi Mustafa Kemal Atat\u00fcrk\u2019\u00fcn ayd\u0131nlatt\u0131\u011f\u0131 yolda Cumhuriyet\u2019i sonsuzlu\u011fa ta\u015f\u0131yaca\u011f\u0131z. 29 Ekim Cumhuriyet Bayram\u0131m\u0131z kutlu olsun\u2019\u2019 ifadelerini kulland\u0131.<br \/><\/p>\n","protected":false},"excerpt":{"rendered":"<p>Ayd\u0131n B\u00fcy\u00fck\u015fehir Belediyesi taraf\u0131ndan 29 Ekim Cumhuriyet Bayram\u0131 dolay\u0131s\u0131yla d\u00fczenlenen etkinliklere on binlerce vatanda\u015f kat\u0131ld\u0131. Atat\u00fcrk Kent Meydan\u0131\u2019n\u0131 dolduran vatanda\u015flar, ellerinde T\u00fcrk bayraklar\u0131yla Cumhuriyet\u2019in 102\u2019nci y\u0131l\u0131n\u0131 hep birlikte kutlad\u0131. Cumhuriyet\u2019in ilan\u0131n\u0131n 102\u2019nci y\u0131l\u0131 dolay\u0131s\u0131yla B\u00fcy\u00fck\u015fehir Belediyesi kent genelinde birbirinden renkli etkinlikler d\u00fczenlendi. 29 Ekim Cumhuriyet Bayram\u0131 kutlamalar\u0131n\u0131n ana adresi ise her y\u0131l oldu\u011fu gibi bu&#8230;<\/p>\n","protected":false},"author":1,"featured_media":64852,"comment_status":"open","ping_status":"open","sticky":false,"template":"","format":"standard","meta":{"_crdt_document":"","footnotes":""},"categories":[1],"tags":[],"class_list":["post-64851","post","type-post","status-publish","format-standard","has-post-thumbnail","hentry","category-guncel"],"_links":{"self":[{"href":"https:\/\/www.egemtv.com\/index.php?rest_route=\/wp\/v2\/posts\/64851","targetHints":{"allow":["GET"]}}],"collection":[{"href":"https:\/\/www.egemtv.com\/index.php?rest_route=\/wp\/v2\/posts"}],"about":[{"href":"https:\/\/www.egemtv.com\/index.php?rest_route=\/wp\/v2\/types\/post"}],"author":[{"embeddable":true,"href":"https:\/\/www.egemtv.com\/index.php?rest_route=\/wp\/v2\/users\/1"}],"replies":[{"embeddable":true,"href":"https:\/\/www.egemtv.com\/index.php?rest_route=%2Fwp%2Fv2%2Fcomments&post=64851"}],"version-history":[{"count":1,"href":"https:\/\/www.egemtv.com\/index.php?rest_route=\/wp\/v2\/posts\/64851\/revisions"}],"predecessor-version":[{"id":64853,"href":"https:\/\/www.egemtv.com\/index.php?rest_route=\/wp\/v2\/posts\/64851\/revisions\/64853"}],"wp:featuredmedia":[{"embeddable":true,"href":"https:\/\/www.egemtv.com\/index.php?rest_route=\/wp\/v2\/media\/64852"}],"wp:attachment":[{"href":"https:\/\/www.egemtv.com\/index.php?rest_route=%2Fwp%2Fv2%2Fmedia&parent=64851"}],"wp:term":[{"taxonomy":"category","embeddable":true,"href":"https:\/\/www.egemtv.com\/index.php?rest_route=%2Fwp%2Fv2%2Fcategories&post=64851"},{"taxonomy":"post_tag","embeddable":true,"href":"https:\/\/www.egemtv.com\/index.php?rest_route=%2Fwp%2Fv2%2Ftags&post=64851"}],"curies":[{"name":"wp","href":"https:\/\/api.w.org\/{rel}","templated":true}]}}