{"id":64848,"date":"2025-10-30T13:54:46","date_gmt":"2025-10-30T10:54:46","guid":{"rendered":"https:\/\/www.egemtv.com\/?p=64848"},"modified":"2025-10-30T13:54:48","modified_gmt":"2025-10-30T10:54:48","slug":"tali-yoldan-ana-yola-baglanmak-isteyen-otomobil-ile-kamyonet-carpisti-1-olu","status":"publish","type":"post","link":"https:\/\/www.egemtv.com\/?p=64848","title":{"rendered":"Tali yoldan ana yola ba\u011flanmak isteyen otomobil ile kamyonet \u00e7arp\u0131\u015ft\u0131; 1 \u00f6l\u00fc"},"content":{"rendered":"<p>Denizli\u2019de tali yoldan ana yola ba\u011flanmak isteyen otomobil kamyonet ile \u00e7arp\u0131\u015ft\u0131. \u00c7arpma sonucu hurdaya d\u00f6nen ara\u00e7ta, otomobil s\u00fcr\u00fcc\u00fcs\u00fc hayat\u0131n\u0131 kaybetti.<\/p>\n<p>Kaza, Kale il\u00e7esi Denizli-Mu\u011fla Karayolunda meydana geldi. Edinilen bilgilere g\u00f6re, tali yoldan ana yola ba\u011flanmak isteyen Ahmet \u00dcr\u00fcnd\u00fc idaresindeki hen\u00fcz plakas\u0131 bilinmeyen otomobil, Denizli-Mu\u011fla Karayolunda seyir halinde olan kamyonet ile \u00e7arp\u0131\u015ft\u0131. \u00c7arp\u0131\u015fmay\u0131 g\u00f6ren \u00e7evredeki vatanda\u015flar\u0131n ihbar\u0131 \u00fczerine b\u00f6lgeye itfaiye, sa\u011fl\u0131k ve polis ekipleri sevk edildi.<\/p>\n<p>B\u00f6lgeye gelen itfaiye ekipleri ara\u00e7ta s\u0131k\u0131\u015fan Ahmet \u00dcr\u00fcnd\u00fc\u2019y\u00fc s\u0131k\u0131\u015ft\u0131\u011f\u0131 yerden \u00e7\u0131kararak sa\u011fl\u0131k ekiplerine teslim etti. Sa\u011fl\u0131k ekiplerinin olay yerinde ilk m\u00fcdahalelerin ard\u0131ndan ambulans ile en yak\u0131n hastaneye sevk etti.<br \/>\n<br \/>Hastaneye kald\u0131r\u0131lan Ahmet \u00dcr\u00fcnd\u00fc, yap\u0131lan t\u00fcm m\u00fcdahalelere ra\u011fmen hayat\u0131n\u0131 kaybetti. Cenazesi otopsi yap\u0131lmak \u00fczere adli t\u0131p kurumu morguna kald\u0131r\u0131ld\u0131.<br \/>\n<br \/>Kaza ile ilgili soru\u015fturma ba\u015flat\u0131ld\u0131.<br \/><\/p>\n","protected":false},"excerpt":{"rendered":"<p>Denizli\u2019de tali yoldan ana yola ba\u011flanmak isteyen otomobil kamyonet ile \u00e7arp\u0131\u015ft\u0131. \u00c7arpma sonucu hurdaya d\u00f6nen ara\u00e7ta, otomobil s\u00fcr\u00fcc\u00fcs\u00fc hayat\u0131n\u0131 kaybetti. Kaza, Kale il\u00e7esi Denizli-Mu\u011fla Karayolunda meydana geldi. Edinilen bilgilere g\u00f6re, tali yoldan ana yola ba\u011flanmak isteyen Ahmet \u00dcr\u00fcnd\u00fc idaresindeki hen\u00fcz plakas\u0131 bilinmeyen otomobil, Denizli-Mu\u011fla Karayolunda seyir halinde olan kamyonet ile \u00e7arp\u0131\u015ft\u0131. \u00c7arp\u0131\u015fmay\u0131 g\u00f6ren \u00e7evredeki vatanda\u015flar\u0131n&#8230;<\/p>\n","protected":false},"author":1,"featured_media":64849,"comment_status":"open","ping_status":"open","sticky":false,"template":"","format":"standard","meta":{"_crdt_document":"","footnotes":""},"categories":[5],"tags":[],"class_list":["post-64848","post","type-post","status-publish","format-standard","has-post-thumbnail","hentry","category-asayis"],"_links":{"self":[{"href":"https:\/\/www.egemtv.com\/index.php?rest_route=\/wp\/v2\/posts\/64848","targetHints":{"allow":["GET"]}}],"collection":[{"href":"https:\/\/www.egemtv.com\/index.php?rest_route=\/wp\/v2\/posts"}],"about":[{"href":"https:\/\/www.egemtv.com\/index.php?rest_route=\/wp\/v2\/types\/post"}],"author":[{"embeddable":true,"href":"https:\/\/www.egemtv.com\/index.php?rest_route=\/wp\/v2\/users\/1"}],"replies":[{"embeddable":true,"href":"https:\/\/www.egemtv.com\/index.php?rest_route=%2Fwp%2Fv2%2Fcomments&post=64848"}],"version-history":[{"count":1,"href":"https:\/\/www.egemtv.com\/index.php?rest_route=\/wp\/v2\/posts\/64848\/revisions"}],"predecessor-version":[{"id":64850,"href":"https:\/\/www.egemtv.com\/index.php?rest_route=\/wp\/v2\/posts\/64848\/revisions\/64850"}],"wp:featuredmedia":[{"embeddable":true,"href":"https:\/\/www.egemtv.com\/index.php?rest_route=\/wp\/v2\/media\/64849"}],"wp:attachment":[{"href":"https:\/\/www.egemtv.com\/index.php?rest_route=%2Fwp%2Fv2%2Fmedia&parent=64848"}],"wp:term":[{"taxonomy":"category","embeddable":true,"href":"https:\/\/www.egemtv.com\/index.php?rest_route=%2Fwp%2Fv2%2Fcategories&post=64848"},{"taxonomy":"post_tag","embeddable":true,"href":"https:\/\/www.egemtv.com\/index.php?rest_route=%2Fwp%2Fv2%2Ftags&post=64848"}],"curies":[{"name":"wp","href":"https:\/\/api.w.org\/{rel}","templated":true}]}}