{"id":64845,"date":"2025-10-30T13:54:45","date_gmt":"2025-10-30T10:54:45","guid":{"rendered":"https:\/\/www.egemtv.com\/?p=64845"},"modified":"2025-10-30T13:54:46","modified_gmt":"2025-10-30T10:54:46","slug":"eude-iskur-genclik-programina-katilacak-ogrenciler-kura-ile-belirlendi","status":"publish","type":"post","link":"https:\/\/www.egemtv.com\/?p=64845","title":{"rendered":"E\u00dc\u2019de &#8220;\u0130\u015eKUR Gen\u00e7lik Program\u0131&#8221;na kat\u0131lacak \u00f6\u011frenciler kura ile belirlendi"},"content":{"rendered":"<p>Ege \u00dcniversitesinde \u0130\u015eKUR Gen\u00e7lik Program\u0131ndan faydalanacak \u00f6\u011frenciler, noter huzurunda yap\u0131lan kura ile belirlendi.<br \/>\n<br \/>Cumhurba\u015fkan\u0131 Recep Tayyip Erdo\u011fan\u2019\u0131n ge\u00e7ti\u011fimiz y\u0131l \u00fcniversite \u00f6\u011frencileri i\u00e7in m\u00fcjdeledi\u011fi \u0130\u015eKUR Gen\u00e7lik Program\u0131, bu y\u0131l da kontenjanlar\u0131n\u0131 art\u0131rarak devam ediyor. \u0130zmir \u00c7al\u0131\u015fma ve \u0130\u015f Kurumu (\u0130\u015eKUR) \u0130l M\u00fcd\u00fcrl\u00fc\u011f\u00fc ile Ege \u00dcniversitesi aras\u0131nda, \u00fcniversite \u00f6\u011frencilerine i\u015f deneyimi kazand\u0131rmak amac\u0131yla hayata ge\u00e7irilen \u0130\u015eKUR Gen\u00e7lik Program\u0131 kapsam\u0131nda kura \u00e7ekimi ger\u00e7ekle\u015fti. Lisans, lisans\u00fcst\u00fc ve doktora \u00f6\u011frencilerinin e\u011fitim ve istihdam s\u00fcre\u00e7lerine katk\u0131 sunmay\u0131 hedefleyen program kapsam\u0131nda Ege \u00dcniversitesine sa\u011flanan 4 bin kontenjan i\u00e7in \u00e7ekilen kura sonucunda asil ve yedek \u00f6\u011frenciler belirlendi.<br \/>\n<br \/>Ege \u00dcniversitesi Yusuf Vardar M\u00d6TBE K\u00fclt\u00fcr Merkezinde ger\u00e7ekle\u015ftirilen kura \u00e7ekimine Rekt\u00f6r Prof. Dr. Necdet Budak, \u00fcniversite \u00fcst y\u00f6netimi, noterlik ve \u0130\u015eKUR temsilcileri ile ba\u015fvuru yapan \u00f6\u011frenciler kat\u0131ld\u0131.<br \/>\n<br \/>Kura \u00e7ekiminin \u00f6ncesinde bir konu\u015fma yapan Ege \u00dcniversitesi Rekt\u00f6r\u00fc Prof. Dr. Necdet Budak, &#8220;Ege \u00dcniversitesi olarak gerek kamu kurumlar\u0131 ile gerekse \u00f6zel sekt\u00f6r ile i\u015f birli\u011fine \u00f6nem veriyoruz. \u0130\u015eKUR Gen\u00e7lik Program\u0131 kapsam\u0131nda ge\u00e7ti\u011fimiz y\u0131l \u00fcniversitemizde 1608 \u00f6\u011frencimiz \u00e7al\u0131\u015ft\u0131. T\u00fcrkiye\u2019de \u0130\u015eKUR Gen\u00e7lik Program\u0131n\u0131 en iyi uygulayan \u00fcniversitelerden biriyiz. Bu do\u011frultuda ge\u00e7en y\u0131l 1608 olan \u00f6\u011frenci say\u0131m\u0131z bu y\u0131l 4000  \u00f6\u011frenciye y\u00fckseldi. Bu y\u0131l, yakla\u015f\u0131k 6 bin civar\u0131nda ba\u015fvuru yap\u0131ld\u0131. \u00d6\u011frencilerimiz, program kapsam\u0131nda g\u00fcnl\u00fck 1.083 TL \u00f6denek al\u0131yorlar. Tam olarak \u00e7al\u0131\u015fan bir \u00f6\u011frenci ayl\u0131k 17 bin TL civar\u0131nda bir gelir elde edebiliyor. Ayr\u0131ca sigortalar\u0131 \u00f6deniyor. \u00d6\u011frencilerimiz; kamp\u00fcsteki \u00e7al\u0131\u015fmalarda, sosyal ve k\u00fclt\u00fcrel etkinliklerde, akademik ve idari destek faaliyetlerinde, topluma hizmet ve i\u015f birli\u011fi projelerinde, \u00f6\u011frenci geli\u015fim ve uyum programlar\u0131nda ve dijital d\u00f6n\u00fc\u015f\u00fcm ile inovasyon  \u00e7al\u0131\u015fmalar\u0131nda g\u00f6rev alabiliyorlar&#8221; dedi.<\/p>\n<p>&#8220;\u00d6\u011frencilerimiz ile \u00e7al\u0131\u015fanlar\u0131m\u0131z aras\u0131ndaki ba\u011f g\u00fc\u00e7leniyor&#8221;<br \/>\n<br \/>Prof. Dr. Budak, &#8220;Yakla\u015f\u0131k 55 bin \u00f6\u011frencisi olan bir \u00fcniversiteyiz. \u00dcniversite \u00fcst y\u00f6netimi olarak bu projeyi yak\u0131ndan takip ediyoruz. Program kapsam\u0131nda hem \u00f6\u011frencilerimiz ile \u00e7al\u0131\u015fanlar\u0131m\u0131z ve akademisyenlerimiz aras\u0131ndaki ba\u011f\u0131 g\u00fc\u00e7lendiriyoruz hem de \u00f6\u011frencilerimize Bakanl\u0131\u011f\u0131m\u0131z\u0131n katk\u0131lar\u0131yla maddi destek sa\u011flam\u0131\u015f oluyoruz. \u0130\u015eKUR Gen\u00e7lik Program\u0131n\u0131n ve kura \u00e7ekiminin \u00fcniversitemize ve \u00f6\u011frencilerimize hay\u0131rl\u0131 olmas\u0131n\u0131 diliyorum&#8221; diye konu\u015ftu.<br \/>\n<br \/>Rekt\u00f6r Prof. Dr. Necdet Budak\u2019\u0131n konu\u015fmas\u0131n\u0131n ard\u0131ndan noter huzurunda ger\u00e7ekle\u015ftirilen kura sonucunda Ege \u00dcniversitesine ayr\u0131lan 4 bin kontenjan i\u00e7in asil ve yedek \u00f6\u011frenciler belirlendi.<br \/><\/p>\n","protected":false},"excerpt":{"rendered":"<p>Ege \u00dcniversitesinde \u0130\u015eKUR Gen\u00e7lik Program\u0131ndan faydalanacak \u00f6\u011frenciler, noter huzurunda yap\u0131lan kura ile belirlendi. Cumhurba\u015fkan\u0131 Recep Tayyip Erdo\u011fan\u2019\u0131n ge\u00e7ti\u011fimiz y\u0131l \u00fcniversite \u00f6\u011frencileri i\u00e7in m\u00fcjdeledi\u011fi \u0130\u015eKUR Gen\u00e7lik Program\u0131, bu y\u0131l da kontenjanlar\u0131n\u0131 art\u0131rarak devam ediyor. \u0130zmir \u00c7al\u0131\u015fma ve \u0130\u015f Kurumu (\u0130\u015eKUR) \u0130l M\u00fcd\u00fcrl\u00fc\u011f\u00fc ile Ege \u00dcniversitesi aras\u0131nda, \u00fcniversite \u00f6\u011frencilerine i\u015f deneyimi kazand\u0131rmak amac\u0131yla hayata ge\u00e7irilen \u0130\u015eKUR Gen\u00e7lik&#8230;<\/p>\n","protected":false},"author":1,"featured_media":64846,"comment_status":"open","ping_status":"open","sticky":false,"template":"","format":"standard","meta":{"_crdt_document":"","footnotes":""},"categories":[1],"tags":[],"class_list":["post-64845","post","type-post","status-publish","format-standard","has-post-thumbnail","hentry","category-guncel"],"_links":{"self":[{"href":"https:\/\/www.egemtv.com\/index.php?rest_route=\/wp\/v2\/posts\/64845","targetHints":{"allow":["GET"]}}],"collection":[{"href":"https:\/\/www.egemtv.com\/index.php?rest_route=\/wp\/v2\/posts"}],"about":[{"href":"https:\/\/www.egemtv.com\/index.php?rest_route=\/wp\/v2\/types\/post"}],"author":[{"embeddable":true,"href":"https:\/\/www.egemtv.com\/index.php?rest_route=\/wp\/v2\/users\/1"}],"replies":[{"embeddable":true,"href":"https:\/\/www.egemtv.com\/index.php?rest_route=%2Fwp%2Fv2%2Fcomments&post=64845"}],"version-history":[{"count":1,"href":"https:\/\/www.egemtv.com\/index.php?rest_route=\/wp\/v2\/posts\/64845\/revisions"}],"predecessor-version":[{"id":64847,"href":"https:\/\/www.egemtv.com\/index.php?rest_route=\/wp\/v2\/posts\/64845\/revisions\/64847"}],"wp:featuredmedia":[{"embeddable":true,"href":"https:\/\/www.egemtv.com\/index.php?rest_route=\/wp\/v2\/media\/64846"}],"wp:attachment":[{"href":"https:\/\/www.egemtv.com\/index.php?rest_route=%2Fwp%2Fv2%2Fmedia&parent=64845"}],"wp:term":[{"taxonomy":"category","embeddable":true,"href":"https:\/\/www.egemtv.com\/index.php?rest_route=%2Fwp%2Fv2%2Fcategories&post=64845"},{"taxonomy":"post_tag","embeddable":true,"href":"https:\/\/www.egemtv.com\/index.php?rest_route=%2Fwp%2Fv2%2Ftags&post=64845"}],"curies":[{"name":"wp","href":"https:\/\/api.w.org\/{rel}","templated":true}]}}