{"id":64842,"date":"2025-10-30T13:54:44","date_gmt":"2025-10-30T10:54:44","guid":{"rendered":"https:\/\/www.egemtv.com\/?p=64842"},"modified":"2025-10-30T13:54:45","modified_gmt":"2025-10-30T10:54:45","slug":"termal-su-verimliligi-konusunda-egitim-calismasi-yapildi","status":"publish","type":"post","link":"https:\/\/www.egemtv.com\/?p=64842","title":{"rendered":"Termal su verimlili\u011fi konusunda e\u011fitim \u00e7al\u0131\u015fmas\u0131 yap\u0131ld\u0131"},"content":{"rendered":"<p>Afyonkarahisar \u0130l Tar\u0131m ve Orman M\u00fcd\u00fcrl\u00fc\u011f\u00fc taraf\u0131ndan termal su verimlili\u011fi konusunda e\u011fitim \u00e7al\u0131\u015fmas\u0131 yap\u0131ld\u0131.<br \/>\n<br \/>Toplant\u0131n\u0131n kentte uzun y\u0131llard\u0131r hizmet veren Oru\u00e7o\u011flu Termal Otel \u00e7al\u0131\u015fanlar\u0131na y\u00f6nelik yap\u0131ld\u0131\u011f\u0131 belirtildi. Toplant\u0131n\u0131n ard\u0131ndan \u0130l Tar\u0131m ve Orman M\u00fcd\u00fcrl\u00fc\u011f\u00fcnden yap\u0131lan a\u00e7\u0131klamada ise &#8220;2023 y\u0131l\u0131nda ba\u015flat\u0131lan \u2018Ulusal Su Seferberli\u011fi Su Verimlili\u011fi\u2019 \u00e7al\u0131\u015fmalar\u0131 \u00e7er\u00e7evesinde ilimizin se\u00e7kin otellerinden biri olan Oru\u00e7o\u011flu Termal Otel \u00e7al\u0131\u015fanlar\u0131na y\u00f6nelik \u00f6zellikle termal turizm tesislerinde ve bireysel kullan\u0131mda su verimlili\u011fi i\u00e7erikli e\u011fitim toplant\u0131s\u0131 ger\u00e7ekle\u015ftirildi.<br \/>\n<br \/>Toplant\u0131ya \u0130l Tar\u0131m ve Orman M\u00fcd\u00fcr Yard\u0131mc\u0131lar\u0131m\u0131z \u00d6zg\u00fcr Bayrak, Mahmut Tat ve Otel Genel M\u00fcd\u00fcr\u00fc Kerim Genelio\u011flu\u2019nun yan\u0131 s\u0131ra 116 personel kat\u0131l\u0131m sa\u011flad\u0131.<br \/>\n<br \/>Kar\u015f\u0131l\u0131kl\u0131 etkile\u015fim i\u00e7erisinde ge\u00e7en e\u011fitim toplant\u0131s\u0131 sonunda Bayrak taraf\u0131ndan Genelio\u011flu\u2019na otelin en \u00f6nemli ya\u015fam kayna\u011f\u0131 olan suya ve su kullan\u0131m\u0131na kar\u015f\u0131 g\u00f6sterdikleri \u00f6zen ve hassasiyet den dolay\u0131 te\u015fekk\u00fcr belgesi takdim edildi&#8221; ifadelerine yer verildi.<br \/><\/p>\n","protected":false},"excerpt":{"rendered":"<p>Afyonkarahisar \u0130l Tar\u0131m ve Orman M\u00fcd\u00fcrl\u00fc\u011f\u00fc taraf\u0131ndan termal su verimlili\u011fi konusunda e\u011fitim \u00e7al\u0131\u015fmas\u0131 yap\u0131ld\u0131. Toplant\u0131n\u0131n kentte uzun y\u0131llard\u0131r hizmet veren Oru\u00e7o\u011flu Termal Otel \u00e7al\u0131\u015fanlar\u0131na y\u00f6nelik yap\u0131ld\u0131\u011f\u0131 belirtildi. Toplant\u0131n\u0131n ard\u0131ndan \u0130l Tar\u0131m ve Orman M\u00fcd\u00fcrl\u00fc\u011f\u00fcnden yap\u0131lan a\u00e7\u0131klamada ise &#8220;2023 y\u0131l\u0131nda ba\u015flat\u0131lan \u2018Ulusal Su Seferberli\u011fi Su Verimlili\u011fi\u2019 \u00e7al\u0131\u015fmalar\u0131 \u00e7er\u00e7evesinde ilimizin se\u00e7kin otellerinden biri olan Oru\u00e7o\u011flu Termal Otel&#8230;<\/p>\n","protected":false},"author":1,"featured_media":64843,"comment_status":"open","ping_status":"open","sticky":false,"template":"","format":"standard","meta":{"_crdt_document":"","footnotes":""},"categories":[1],"tags":[],"class_list":["post-64842","post","type-post","status-publish","format-standard","has-post-thumbnail","hentry","category-guncel"],"_links":{"self":[{"href":"https:\/\/www.egemtv.com\/index.php?rest_route=\/wp\/v2\/posts\/64842","targetHints":{"allow":["GET"]}}],"collection":[{"href":"https:\/\/www.egemtv.com\/index.php?rest_route=\/wp\/v2\/posts"}],"about":[{"href":"https:\/\/www.egemtv.com\/index.php?rest_route=\/wp\/v2\/types\/post"}],"author":[{"embeddable":true,"href":"https:\/\/www.egemtv.com\/index.php?rest_route=\/wp\/v2\/users\/1"}],"replies":[{"embeddable":true,"href":"https:\/\/www.egemtv.com\/index.php?rest_route=%2Fwp%2Fv2%2Fcomments&post=64842"}],"version-history":[{"count":1,"href":"https:\/\/www.egemtv.com\/index.php?rest_route=\/wp\/v2\/posts\/64842\/revisions"}],"predecessor-version":[{"id":64844,"href":"https:\/\/www.egemtv.com\/index.php?rest_route=\/wp\/v2\/posts\/64842\/revisions\/64844"}],"wp:featuredmedia":[{"embeddable":true,"href":"https:\/\/www.egemtv.com\/index.php?rest_route=\/wp\/v2\/media\/64843"}],"wp:attachment":[{"href":"https:\/\/www.egemtv.com\/index.php?rest_route=%2Fwp%2Fv2%2Fmedia&parent=64842"}],"wp:term":[{"taxonomy":"category","embeddable":true,"href":"https:\/\/www.egemtv.com\/index.php?rest_route=%2Fwp%2Fv2%2Fcategories&post=64842"},{"taxonomy":"post_tag","embeddable":true,"href":"https:\/\/www.egemtv.com\/index.php?rest_route=%2Fwp%2Fv2%2Ftags&post=64842"}],"curies":[{"name":"wp","href":"https:\/\/api.w.org\/{rel}","templated":true}]}}