{"id":64839,"date":"2025-10-30T13:15:05","date_gmt":"2025-10-30T10:15:05","guid":{"rendered":"https:\/\/www.egemtv.com\/?p=64839"},"modified":"2025-10-30T13:15:06","modified_gmt":"2025-10-30T10:15:06","slug":"nazilli-orman-isletme-mudurlugunde-uretim-tatbikati-yapildi","status":"publish","type":"post","link":"https:\/\/www.egemtv.com\/?p=64839","title":{"rendered":"Nazilli Orman \u0130\u015fletme M\u00fcd\u00fcrl\u00fc\u011f\u00fc\u2019nde \u00fcretim tatbikat\u0131 yap\u0131ld\u0131"},"content":{"rendered":"<p>Mu\u011fla Orman B\u00f6lge M\u00fcd\u00fcrl\u00fc\u011f\u00fc\u2019ne ba\u011fl\u0131 Nazilli Orman \u0130\u015fletme M\u00fcd\u00fcrl\u00fc\u011f\u00fcnde \u2018\u00dcretim Tatbikat\u0131\u2019 yap\u0131ld\u0131.<\/p>\n<p>Nazilli ve Kavakl\u0131dere Orman \u0130\u015fletme M\u00fcd\u00fcrl\u00fcklerinin ortakla\u015fa ger\u00e7ekle\u015ftirdikleri \u00fcretim tatbikat\u0131, B\u00f6lge M\u00fcd\u00fcr Yard\u0131mc\u0131s\u0131 Adnan G\u00fcller ve \u0130\u015fletme Pazarlama \u015eube M\u00fcd\u00fcr\u00fc \u00d6nder Sermet koordinesinde ger\u00e7ekle\u015ftirildi. Tatbikata Nazilli Orman \u0130\u015fletme M\u00fcd\u00fcr\u00fc H\u00fcseyin Devrim Karasulu, Kavakl\u0131dere Orman \u0130\u015fletme M\u00fcd\u00fcr\u00fc Mehmet Akb\u0131y\u0131ko\u011flu, \u0130\u015fletme M\u00fcd\u00fcr Yard\u0131mc\u0131lar\u0131, \u0130\u015fletme \u015eefleri, Orman Muhafaza Memurlar\u0131 ile \u00fcretim i\u015flerinde \u00e7al\u0131\u015fan orman i\u015f\u00e7ileri kat\u0131ld\u0131.<\/p>\n<p>Yap\u0131lan bilgilendirmede \u015fu ifadelere yer verildi: &#8220;\u0130\u015fletme ve pazarlama e\u011fitim tatbikat\u0131nda, orman \u00fcr\u00fcnleri \u00fcretim standardizasyonu, \u00fcretim prensipleri, i\u015f g\u00fcvenli\u011fi ve ki\u015fisel koruyucu ekipman kullan\u0131m\u0131, FSC sertifikasyon gerekleri konusunda bilgiler verildi&#8221;<br \/><\/p>\n","protected":false},"excerpt":{"rendered":"<p>Mu\u011fla Orman B\u00f6lge M\u00fcd\u00fcrl\u00fc\u011f\u00fc\u2019ne ba\u011fl\u0131 Nazilli Orman \u0130\u015fletme M\u00fcd\u00fcrl\u00fc\u011f\u00fcnde \u2018\u00dcretim Tatbikat\u0131\u2019 yap\u0131ld\u0131. Nazilli ve Kavakl\u0131dere Orman \u0130\u015fletme M\u00fcd\u00fcrl\u00fcklerinin ortakla\u015fa ger\u00e7ekle\u015ftirdikleri \u00fcretim tatbikat\u0131, B\u00f6lge M\u00fcd\u00fcr Yard\u0131mc\u0131s\u0131 Adnan G\u00fcller ve \u0130\u015fletme Pazarlama \u015eube M\u00fcd\u00fcr\u00fc \u00d6nder Sermet koordinesinde ger\u00e7ekle\u015ftirildi. Tatbikata Nazilli Orman \u0130\u015fletme M\u00fcd\u00fcr\u00fc H\u00fcseyin Devrim Karasulu, Kavakl\u0131dere Orman \u0130\u015fletme M\u00fcd\u00fcr\u00fc Mehmet Akb\u0131y\u0131ko\u011flu, \u0130\u015fletme M\u00fcd\u00fcr Yard\u0131mc\u0131lar\u0131, \u0130\u015fletme \u015eefleri,&#8230;<\/p>\n","protected":false},"author":1,"featured_media":64840,"comment_status":"open","ping_status":"open","sticky":false,"template":"","format":"standard","meta":{"_crdt_document":"","footnotes":""},"categories":[1],"tags":[],"class_list":["post-64839","post","type-post","status-publish","format-standard","has-post-thumbnail","hentry","category-guncel"],"_links":{"self":[{"href":"https:\/\/www.egemtv.com\/index.php?rest_route=\/wp\/v2\/posts\/64839","targetHints":{"allow":["GET"]}}],"collection":[{"href":"https:\/\/www.egemtv.com\/index.php?rest_route=\/wp\/v2\/posts"}],"about":[{"href":"https:\/\/www.egemtv.com\/index.php?rest_route=\/wp\/v2\/types\/post"}],"author":[{"embeddable":true,"href":"https:\/\/www.egemtv.com\/index.php?rest_route=\/wp\/v2\/users\/1"}],"replies":[{"embeddable":true,"href":"https:\/\/www.egemtv.com\/index.php?rest_route=%2Fwp%2Fv2%2Fcomments&post=64839"}],"version-history":[{"count":1,"href":"https:\/\/www.egemtv.com\/index.php?rest_route=\/wp\/v2\/posts\/64839\/revisions"}],"predecessor-version":[{"id":64841,"href":"https:\/\/www.egemtv.com\/index.php?rest_route=\/wp\/v2\/posts\/64839\/revisions\/64841"}],"wp:featuredmedia":[{"embeddable":true,"href":"https:\/\/www.egemtv.com\/index.php?rest_route=\/wp\/v2\/media\/64840"}],"wp:attachment":[{"href":"https:\/\/www.egemtv.com\/index.php?rest_route=%2Fwp%2Fv2%2Fmedia&parent=64839"}],"wp:term":[{"taxonomy":"category","embeddable":true,"href":"https:\/\/www.egemtv.com\/index.php?rest_route=%2Fwp%2Fv2%2Fcategories&post=64839"},{"taxonomy":"post_tag","embeddable":true,"href":"https:\/\/www.egemtv.com\/index.php?rest_route=%2Fwp%2Fv2%2Ftags&post=64839"}],"curies":[{"name":"wp","href":"https:\/\/api.w.org\/{rel}","templated":true}]}}