{"id":64836,"date":"2025-10-30T13:15:02","date_gmt":"2025-10-30T10:15:02","guid":{"rendered":"https:\/\/www.egemtv.com\/?p=64836"},"modified":"2025-10-30T13:15:04","modified_gmt":"2025-10-30T10:15:04","slug":"kuruyan-kolak-golunun-eski-ihtisamina-kavusmasi-icin-araliksiz-calismalar-devam-ediyor","status":"publish","type":"post","link":"https:\/\/www.egemtv.com\/?p=64836","title":{"rendered":"Kuruyan Kolak G\u00f6l\u00fcn\u00fcn eski ihti\u015fam\u0131na kavu\u015fmas\u0131 i\u00e7in aral\u0131ks\u0131z \u00e7al\u0131\u015fmalar devam ediyor"},"content":{"rendered":"<p>Denizli\u2019nin \u00c7ameli il\u00e7esinde do\u011fal g\u00fczelli\u011fiyle hem yaz hem de k\u0131\u015f\u0131n ziyaret\u00e7ilerini a\u011f\u0131rlayan Kolak G\u00f6l\u00fcn\u00fcn kurumas\u0131n\u0131n ard\u0131ndan harekete ge\u00e7en \u00c7ameli Belediyesi \u00e7al\u0131\u015fmalar\u0131n\u0131 aral\u0131ks\u0131z s\u00fcrd\u00fcr\u00fcyor. Kolak G\u00f6l\u00fc ve yayla turizmi a\u00e7\u0131s\u0131ndan \u00f6nemli a\u00e7\u0131klamalarda bulunan \u00c7ameli Belediye Ba\u015fkan\u0131 Cengiz Arslan, &#8220;Kolak G\u00f6l\u00fcn\u00fcn kurtaraca\u011f\u0131m\u0131zdan eminiz ve eski ihti\u015fam\u0131na kavu\u015facak. Ayn\u0131 zamanda \u00c7ameli Yayla Turizminde Denizli\u2019nin bir numaras\u0131 olacak&#8221; dedi.<\/p>\n<p>Denizli\u2019nin \u00c7ameli il\u00e7esinde yer alan ve ad\u0131n\u0131 s\u0131n\u0131rlar\u0131 i\u00e7erisinde bulundu\u011fu mahalleden alan Kolak G\u00f6l\u00fc kent merkezine 120 kilometre mesafede olmas\u0131na ra\u011fmen hem yaz mevsiminde hem de k\u0131\u015f mevsiminde pek \u00e7ok ziyaret\u00e7isine ev sahipli\u011fi yap\u0131yordu. K\u0131\u015f\u0131n kartpostall\u0131k g\u00f6r\u00fcnt\u00fcler ile mest eden Kolak G\u00f6l\u00fc, yaz mevsimlerinde ise serin havas\u0131yla s\u0131caktan bunalanlar\u0131n nefes ald\u0131\u011f\u0131 alanlar aras\u0131nda ilk s\u0131rada yer al\u0131yordu. Yeralt\u0131 sular\u0131yla zeminden beslenen ancak zemin tabakas\u0131nda biriken kil ve al\u00fcvyonlar\u0131n kaynaklar\u0131n \u00f6n\u00fcn\u00fc kapatmas\u0131 nedeniyle kuruyan Kolak G\u00f6l\u00fc i\u00e7in \u00c7ameli Belediyesi \u00f6nc\u00fcl\u00fc\u011f\u00fcnde ilgili kurumlar\u0131n deste\u011fiyle \u00e7al\u0131\u015fma ba\u015flatt\u0131.<\/p>\n<p>\u00c7ameli Belediyesi Fen \u0130\u015fleri M\u00fcd\u00fcrl\u00fc\u011f\u00fc ekiplerinin \u00f6zverili \u00e7al\u0131\u015fmalar\u0131 sonucunda g\u00f6l ile ilgili sevindirici bir geli\u015fme ya\u015fand\u0131. Ekolojik dengelerin de\u011fi\u015fmesine ba\u011fl\u0131 olarak kurakl\u0131k ve yeralt\u0131ndan kendisini besleyen kanallar\u0131n kapanmas\u0131yla kuruma noktas\u0131na gelen g\u00f6l yata\u011f\u0131nda su damarlar\u0131 tespit edildi ve bu kaynaklar\u0131n analizi i\u00e7in gerekli i\u015flemler ba\u015flat\u0131ld\u0131.<\/p>\n<p>Kolak G\u00f6l\u00fc hakk\u0131nda a\u00e7\u0131klamalarda bulunan \u00c7ameli Belediye Ba\u015fkan\u0131 Cengiz Arslan, Kolak G\u00f6l\u00fcn\u00fcn eski ihti\u015fam\u0131na kavu\u015faca\u011f\u0131n\u0131 ve \u00e7al\u0131\u015fmalar\u0131n aral\u0131ks\u0131z devam etti\u011fini belirtti.<\/p>\n<p>&#8220;Kolak G\u00f6l\u00fc\u2019n\u00fc kurtaraca\u011f\u0131z, eski ihti\u015fam\u0131na kavu\u015facak&#8221;<br \/>\n<br \/>Kolak G\u00f6l\u00fc\u2019n\u00fcn eski ihti\u015fam\u0131na kavu\u015fmas\u0131 i\u00e7in aral\u0131ks\u0131z \u00e7al\u0131\u015ft\u0131klar\u0131n\u0131 belirten \u00c7ameli Belediye Ba\u015fkan\u0131 Cengiz Arslan, &#8220;Kolak G\u00f6l\u00fc Tabiat Varl\u0131klar\u0131 ilan edilen bir b\u00f6lgemiz. Bu y\u00fczden dolay\u0131 Tabiat Kurulundan g\u00f6r\u00fc\u015f almam\u0131z gerekiyor. Arkada\u015flar\u0131m\u0131z resmi \u00e7al\u0131\u015fmalar\u0131 aral\u0131ks\u0131z s\u00fcrd\u00fcr\u00fcyor. Gerekli yerlere evraklar\u0131 veriyoruz ve al\u0131nacak kararlar\u0131n ard\u0131ndan Devlet Su \u0130\u015flerimizle beraber oturup bir \u00e7al\u0131\u015fma yapaca\u011f\u0131z. Kolak G\u00f6l\u00fcn\u00fc kurtaraca\u011f\u0131m\u0131zdan eminiz. \u00c7\u00fcnk\u00fc oradan numune al\u0131nd\u0131\u011f\u0131 zaman bile su \u00e7\u0131km\u0131\u015ft\u0131. \u0130n\u015fallah eski ihti\u015fam\u0131na kavu\u015fturaca\u011f\u0131z. Eskisi gibi orada kamp ve karavan turizmine yapm\u0131\u015f olaca\u011f\u0131z. \u00c7ameli\u2019nde yapm\u0131\u015f oldu\u011fumuz hizmetleri saymakla biz bitiremiyoruz. Bu konular\u0131 anlatmak i\u00e7in 3 saatlik programlar yapmam\u0131z gerekiyor&#8221; dedi.<\/p>\n<p>&#8220;\u00c7ameli Yayla Turizminde Denizli\u2019nin bir numaras\u0131 olacak&#8221;<br \/>\n<br \/>\u00c7ameli Belediyesi olarak \u00f6nemli projelere ad\u0131m atacaklar\u0131n\u0131 ve Denizli\u2019nin yayla turizmi konusunda bir numara olaca\u011f\u0131n\u0131 dile getiren \u00c7ameli Belediye Ba\u015fkan\u0131 Cengiz Arslan, &#8220;Bakt\u0131\u011f\u0131m\u0131z zaman turizm anlam\u0131nda bizim birinci \u00f6nceli\u011fimiz tar\u0131m. Cevizimiz, fasulyemiz ve alabal\u0131\u011f\u0131m\u0131z gibi bir \u00e7ok konuda projelerimiz var. \u0130kinci \u00f6nceli\u011fimiz ise \u00c7ameli\u2019nin co\u011frafi konumundan dolay\u0131 yayla turizmi. \u0130klimler de\u011fi\u015fiyor, yaylalar\u0131m\u0131z bir numara olacak. Yerli arkada\u015flar\u0131m\u0131z\u0131 her zaman diyoruz ki; \u2018\u00c7ameli alt\u0131n olacak daha da de\u011ferlenecek. Yerlerinizi satmay\u0131n\u2019 diyoruz. \u00c7ameli Belediyesi olarak yayla turizmi i\u00e7in \u00e7ok g\u00fczel projelerimiz var. Bu projeleri \u0130l Ba\u015fkan\u0131m\u0131zla birlikte milletvekillerimize ve bakanlar\u0131m\u0131z ile isti\u015fare edece\u011fiz. \u00c7ameli Yayla Turizminde Denizli\u2019nin bir numaras\u0131 olacak&#8221; diye konu\u015ftu.<br \/><\/p>\n","protected":false},"excerpt":{"rendered":"<p>Denizli\u2019nin \u00c7ameli il\u00e7esinde do\u011fal g\u00fczelli\u011fiyle hem yaz hem de k\u0131\u015f\u0131n ziyaret\u00e7ilerini a\u011f\u0131rlayan Kolak G\u00f6l\u00fcn\u00fcn kurumas\u0131n\u0131n ard\u0131ndan harekete ge\u00e7en \u00c7ameli Belediyesi \u00e7al\u0131\u015fmalar\u0131n\u0131 aral\u0131ks\u0131z s\u00fcrd\u00fcr\u00fcyor. Kolak G\u00f6l\u00fc ve yayla turizmi a\u00e7\u0131s\u0131ndan \u00f6nemli a\u00e7\u0131klamalarda bulunan \u00c7ameli Belediye Ba\u015fkan\u0131 Cengiz Arslan, &#8220;Kolak G\u00f6l\u00fcn\u00fcn kurtaraca\u011f\u0131m\u0131zdan eminiz ve eski ihti\u015fam\u0131na kavu\u015facak. Ayn\u0131 zamanda \u00c7ameli Yayla Turizminde Denizli\u2019nin bir numaras\u0131 olacak&#8221; dedi&#8230;.<\/p>\n","protected":false},"author":1,"featured_media":64837,"comment_status":"open","ping_status":"open","sticky":false,"template":"","format":"standard","meta":{"_crdt_document":"","footnotes":""},"categories":[1],"tags":[],"class_list":["post-64836","post","type-post","status-publish","format-standard","has-post-thumbnail","hentry","category-guncel"],"_links":{"self":[{"href":"https:\/\/www.egemtv.com\/index.php?rest_route=\/wp\/v2\/posts\/64836","targetHints":{"allow":["GET"]}}],"collection":[{"href":"https:\/\/www.egemtv.com\/index.php?rest_route=\/wp\/v2\/posts"}],"about":[{"href":"https:\/\/www.egemtv.com\/index.php?rest_route=\/wp\/v2\/types\/post"}],"author":[{"embeddable":true,"href":"https:\/\/www.egemtv.com\/index.php?rest_route=\/wp\/v2\/users\/1"}],"replies":[{"embeddable":true,"href":"https:\/\/www.egemtv.com\/index.php?rest_route=%2Fwp%2Fv2%2Fcomments&post=64836"}],"version-history":[{"count":1,"href":"https:\/\/www.egemtv.com\/index.php?rest_route=\/wp\/v2\/posts\/64836\/revisions"}],"predecessor-version":[{"id":64838,"href":"https:\/\/www.egemtv.com\/index.php?rest_route=\/wp\/v2\/posts\/64836\/revisions\/64838"}],"wp:featuredmedia":[{"embeddable":true,"href":"https:\/\/www.egemtv.com\/index.php?rest_route=\/wp\/v2\/media\/64837"}],"wp:attachment":[{"href":"https:\/\/www.egemtv.com\/index.php?rest_route=%2Fwp%2Fv2%2Fmedia&parent=64836"}],"wp:term":[{"taxonomy":"category","embeddable":true,"href":"https:\/\/www.egemtv.com\/index.php?rest_route=%2Fwp%2Fv2%2Fcategories&post=64836"},{"taxonomy":"post_tag","embeddable":true,"href":"https:\/\/www.egemtv.com\/index.php?rest_route=%2Fwp%2Fv2%2Ftags&post=64836"}],"curies":[{"name":"wp","href":"https:\/\/api.w.org\/{rel}","templated":true}]}}