{"id":64833,"date":"2025-10-30T12:55:23","date_gmt":"2025-10-30T09:55:23","guid":{"rendered":"https:\/\/www.egemtv.com\/?p=64833"},"modified":"2025-10-30T12:55:24","modified_gmt":"2025-10-30T09:55:24","slug":"muglaspor-baskani-kiyanctan-stadyum-hazirliklari-ve-elazigspor-maci-oncesi-kritik-cagri","status":"publish","type":"post","link":"https:\/\/www.egemtv.com\/?p=64833","title":{"rendered":"Mu\u011flaspor Ba\u015fkan\u0131 K\u0131yan\u00e7\u2019tan stadyum haz\u0131rl\u0131klar\u0131 ve Elaz\u0131\u011fspor ma\u00e7\u0131 \u00f6ncesi kritik \u00e7a\u011fr\u0131"},"content":{"rendered":"<p>Mu\u011flaspor Kul\u00fcb\u00fc Ba\u015fkan\u0131 Menaf K\u0131yan\u00e7, kul\u00fcp tesislerinde yapt\u0131\u011f\u0131 a\u00e7\u0131klamada, Mu\u011fla Atat\u00fcrk Stadyumu\u2019nun ma\u00e7 oynamaya haz\u0131r hale getirilmesi s\u00fcrecindeki yo\u011fun mesaiyi ve hafta sonu oynanacak kritik Elaz\u0131\u011fspor ma\u00e7\u0131 \u00f6ncesindeki beklentilerini payla\u015ft\u0131. K\u0131yan\u00e7, s\u00fcre\u00e7te destek olan resmi kurumlara te\u015fekk\u00fcr ederken, taraftarlara da \u00f6nemli uyar\u0131larda bulundu.<\/p>\n<p>Mu\u011flaspor Ba\u015fkan\u0131 Menaf K\u0131yan\u00e7, a\u00e7\u0131klamas\u0131n\u0131n ba\u015f\u0131nda stadyumun haz\u0131rlanma s\u00fcrecinde Mu\u011fla Valisi \u0130dris Akb\u0131y\u0131k\u2019\u0131n g\u00f6sterdi\u011fi ola\u011fan\u00fcst\u00fc \u00e7abaya dikkat \u00e7ekti. K\u0131yan\u00e7, &#8220;Valimiz, d\u00fcn tatil olmas\u0131na ra\u011fmen Valilik\u2019te b\u00fct\u00fcn kurum m\u00fcd\u00fcrlerini spor alan\u0131 g\u00fcvenlik sertifikas\u0131 almak i\u00e7in Spor G\u00fcvenlik Toplant\u0131s\u0131na herkesi davet edip kendi odas\u0131nda bir toplant\u0131 yapt\u0131. Ben bunu \u00e7ok de\u011ferli g\u00f6r\u00fcyorum&#8221; dedi.<\/p>\n<p>Stadyum 7 g\u00fcnde ma\u00e7a haz\u0131r hale getirildi<br \/>\n<br \/>Ba\u015fkan K\u0131yan\u00e7, 15 g\u00fcn \u00f6nce &#8220;kesinlikle oynanamaz&#8221; denilen stad\u0131n, yakla\u015f\u0131k 10 g\u00fcnl\u00fck kesintisiz bir mesai ile 7 g\u00fcn i\u00e7erisinde TFF\u2019nin istedi\u011fi kriterlere uygun duruma getirildi\u011fini belirtti. Vali Akb\u0131y\u0131k\u2019\u0131n sahay\u0131 gezerek memnuniyetini dile getirdi\u011fini aktaran K\u0131yan\u00e7, in\u015faat\u0131n devam etmesine ra\u011fmen insiyatif alarak uygunluk veren herkese, \u00f6zellikle itfaiye ve ilgili kurum m\u00fcd\u00fcrlerine te\u015fekk\u00fcr etti.<\/p>\n<p>Taraftarlara &#8220;Ta\u015fk\u0131nl\u0131k yapmay\u0131n&#8221; uyar\u0131s\u0131<br \/>\n<br \/>Ba\u015fkan K\u0131yan\u00e7, stadyumun faaliyete ge\u00e7mesi i\u00e7in insiyatif alan t\u00fcm protokole kar\u015f\u0131 mahcup olmamak ad\u0131na taraftarlara \u00f6nemli bir ricada bulundu:  &#8220;Asla ve asla hi\u00e7 kimse hi\u00e7bir ta\u015fk\u0131nl\u0131k yapmas\u0131n. \u00c7\u00fcnk\u00fc bizlere g\u00fcvenenlere kar\u015f\u0131 e\u011fer birilerimizi mahcup edersek bu bize yak\u0131\u015fmaz&#8221;<\/p>\n<p>Kapasite ve 12 ya\u015f alt\u0131 yasa\u011f\u0131<br \/>\n<br \/>G\u00fcvenlik gerek\u00e7esiyle, stadyumun tamam\u0131n\u0131n hen\u00fcz haz\u0131r olmamas\u0131ndan dolay\u0131, Vali Akb\u0131y\u0131k\u2019\u0131n talebi \u00fczerine seyirci kapasitesinin ge\u00e7ici olarak 2 bin ki\u015fi band\u0131nda tutulaca\u011f\u0131n\u0131 belirtti. Daha da \u00f6nemlisi, \u0130l Spor G\u00fcvenlik Kurulu karar\u0131 ile 12 ya\u015f alt\u0131 hi\u00e7bir \u00e7ocu\u011fun stada al\u0131nmayaca\u011f\u0131n\u0131 duyurdu. K\u0131yan\u00e7, eksikler tamamen giderildikten sonra bu k\u0131s\u0131tlamalar\u0131n kald\u0131r\u0131laca\u011f\u0131n\u0131 ekledi.<\/p>\n<p>Elaz\u0131\u011fspor dostlu\u011fu ve ahlaki \u00e7er\u00e7eve<br \/>\n<br \/>Hafta sonu oynanacak olan Elaz\u0131\u011fspor ma\u00e7\u0131 \u00f6ncesinde rakip kul\u00fcp y\u00f6netimiyle kurulan dostlu\u011fa vurgu yapan K\u0131yan\u00e7, Elaz\u0131\u011fspor\u2019un seyirci getirmeyece\u011fine dair TFF\u2019ye resmi yaz\u0131 bildirmesinin b\u00fcy\u00fck bir fedakarl\u0131k oldu\u011funu s\u00f6yledi. K\u0131yan\u00e7, &#8220;Biz de Mu\u011flal\u0131lara yak\u0131\u015f\u0131r \u015fekilde onlar\u0131 burada a\u011f\u0131rlayaca\u011f\u0131z. Hatta kendileriyle \u00e7ok daha farkl\u0131 bir uzla\u015fmaya vard\u0131k; iki g\u00fcn boyunca biz de otelde kendilerini a\u011f\u0131rlayaca\u011f\u0131z, deplasmana gitti\u011fimizde de onlar bizi a\u011f\u0131rlayacak&#8221; dedi.<\/p>\n<p>K\u0131yan\u00e7, bu samimi yakla\u015f\u0131ma kar\u015f\u0131l\u0131k olarak Mu\u011flaspor taraftar\u0131ndan da \u00f6zellikle &#8220;asla ve asla hi\u00e7 kimseye k\u00fcf\u00fcr etmemeleri&#8221; ricas\u0131nda bulundu ve m\u00fccadelenin ahlaki \u00e7er\u00e7evede verilmesi gerekti\u011fini belirtti.<br \/>\n<br \/>Hedef playoff<br \/>\n<br \/>Ba\u015fkan K\u0131yan\u00e7, ligde &#8220;kal\u0131r m\u0131&#8221; denilen bir Mu\u011flaspor\u2019un \u015fu anda Playoff s\u0131ralamas\u0131nda yer ald\u0131\u011f\u0131n\u0131, rakiplerinin ise sezon ba\u015f\u0131nda \u015fampiyonluk aday\u0131 g\u00f6sterilen y\u00fcksek b\u00fct\u00e7eli tak\u0131mlar oldu\u011funu hat\u0131rlatt\u0131. K\u0131yan\u00e7, &#8220;Bu i\u015fin hep b\u00fct\u00e7eyle olmayaca\u011f\u0131n\u0131, i\u015fin i\u00e7ine y\u00fcre\u011finizi katman\u0131z gerekti\u011fini&#8221; s\u00f6yleyerek, kendi sahalar\u0131nda alacaklar\u0131 galibiyetle \u015fehrin kenetlenece\u011fini ve t\u00fcm trib\u00fcnler devreye girdikten sonra daha g\u00fc\u00e7l\u00fc bir destek ortaya \u00e7\u0131kaca\u011f\u0131n\u0131 d\u00fc\u015f\u00fcnd\u00fc\u011f\u00fcn\u00fc s\u00f6zlerine ekledi.<br \/><\/p>\n","protected":false},"excerpt":{"rendered":"<p>Mu\u011flaspor Kul\u00fcb\u00fc Ba\u015fkan\u0131 Menaf K\u0131yan\u00e7, kul\u00fcp tesislerinde yapt\u0131\u011f\u0131 a\u00e7\u0131klamada, Mu\u011fla Atat\u00fcrk Stadyumu\u2019nun ma\u00e7 oynamaya haz\u0131r hale getirilmesi s\u00fcrecindeki yo\u011fun mesaiyi ve hafta sonu oynanacak kritik Elaz\u0131\u011fspor ma\u00e7\u0131 \u00f6ncesindeki beklentilerini payla\u015ft\u0131. K\u0131yan\u00e7, s\u00fcre\u00e7te destek olan resmi kurumlara te\u015fekk\u00fcr ederken, taraftarlara da \u00f6nemli uyar\u0131larda bulundu. Mu\u011flaspor Ba\u015fkan\u0131 Menaf K\u0131yan\u00e7, a\u00e7\u0131klamas\u0131n\u0131n ba\u015f\u0131nda stadyumun haz\u0131rlanma s\u00fcrecinde Mu\u011fla Valisi \u0130dris&#8230;<\/p>\n","protected":false},"author":1,"featured_media":64834,"comment_status":"open","ping_status":"open","sticky":false,"template":"","format":"standard","meta":{"_crdt_document":"","footnotes":""},"categories":[4],"tags":[],"class_list":["post-64833","post","type-post","status-publish","format-standard","has-post-thumbnail","hentry","category-spor"],"_links":{"self":[{"href":"https:\/\/www.egemtv.com\/index.php?rest_route=\/wp\/v2\/posts\/64833","targetHints":{"allow":["GET"]}}],"collection":[{"href":"https:\/\/www.egemtv.com\/index.php?rest_route=\/wp\/v2\/posts"}],"about":[{"href":"https:\/\/www.egemtv.com\/index.php?rest_route=\/wp\/v2\/types\/post"}],"author":[{"embeddable":true,"href":"https:\/\/www.egemtv.com\/index.php?rest_route=\/wp\/v2\/users\/1"}],"replies":[{"embeddable":true,"href":"https:\/\/www.egemtv.com\/index.php?rest_route=%2Fwp%2Fv2%2Fcomments&post=64833"}],"version-history":[{"count":1,"href":"https:\/\/www.egemtv.com\/index.php?rest_route=\/wp\/v2\/posts\/64833\/revisions"}],"predecessor-version":[{"id":64835,"href":"https:\/\/www.egemtv.com\/index.php?rest_route=\/wp\/v2\/posts\/64833\/revisions\/64835"}],"wp:featuredmedia":[{"embeddable":true,"href":"https:\/\/www.egemtv.com\/index.php?rest_route=\/wp\/v2\/media\/64834"}],"wp:attachment":[{"href":"https:\/\/www.egemtv.com\/index.php?rest_route=%2Fwp%2Fv2%2Fmedia&parent=64833"}],"wp:term":[{"taxonomy":"category","embeddable":true,"href":"https:\/\/www.egemtv.com\/index.php?rest_route=%2Fwp%2Fv2%2Fcategories&post=64833"},{"taxonomy":"post_tag","embeddable":true,"href":"https:\/\/www.egemtv.com\/index.php?rest_route=%2Fwp%2Fv2%2Ftags&post=64833"}],"curies":[{"name":"wp","href":"https:\/\/api.w.org\/{rel}","templated":true}]}}