{"id":64827,"date":"2025-10-30T12:55:22","date_gmt":"2025-10-30T09:55:22","guid":{"rendered":"https:\/\/www.egemtv.com\/?p=64827"},"modified":"2025-10-30T12:55:23","modified_gmt":"2025-10-30T09:55:23","slug":"somaspor-adanaspor-hazirliklarini-surduruyor","status":"publish","type":"post","link":"https:\/\/www.egemtv.com\/?p=64827","title":{"rendered":"Somaspor, Adanaspor haz\u0131rl\u0131klar\u0131n\u0131 s\u00fcrd\u00fcr\u00fcyor"},"content":{"rendered":"<p>Nesine 2. Lig K\u0131rm\u0131z\u0131 Grup tak\u0131mlar\u0131ndan Somaspor, ligin 11. haftas\u0131nda deplasmanda kar\u015f\u0131la\u015faca\u011f\u0131 Adanaspor haz\u0131rl\u0131klar\u0131na devam ediyor.<br \/>\n<br \/>Nesine 2. Lig K\u0131rm\u0131z\u0131 Grup 11. haftas\u0131nda 2 Kas\u0131m Pazar g\u00fcn\u00fc Yeni Adana Stadyumunda saat 15.00\u2019da Adanaspor A.\u015e.\u2019ye konuk olacak olan Somaspor kar\u015f\u0131la\u015fman\u0131n haz\u0131rl\u0131klar\u0131na TFF Soma Belediyesi Tesislerinde devam ediyor. Ge\u00e7ti\u011fimiz haftay\u0131 kendi evinde ma\u011flubiyetle kapatan ve ligde 4 puanla 15. s\u0131rada bulunan Somaspor deplasmandan 3 puanla ayr\u0131larak k\u00f6t\u00fc gidi\u015fata son vermek istiyor.<br \/>\n<br \/>Adanaspor ise ligde oynad\u0131\u011f\u0131 10 kar\u015f\u0131la\u015fmadan da ma\u011flubiyetle ayr\u0131larak hen\u00fcz puanla tan\u0131\u015famad\u0131. Adanaspor eksi 42 puanl\u0131 Malatyaspor\u2019un hemen \u00f6n\u00fcnde s\u0131f\u0131r puanla 17. s\u0131rada yer al\u0131yor.<br \/><\/p>\n","protected":false},"excerpt":{"rendered":"<p>Nesine 2. Lig K\u0131rm\u0131z\u0131 Grup tak\u0131mlar\u0131ndan Somaspor, ligin 11. haftas\u0131nda deplasmanda kar\u015f\u0131la\u015faca\u011f\u0131 Adanaspor haz\u0131rl\u0131klar\u0131na devam ediyor. Nesine 2. Lig K\u0131rm\u0131z\u0131 Grup 11. haftas\u0131nda 2 Kas\u0131m Pazar g\u00fcn\u00fc Yeni Adana Stadyumunda saat 15.00\u2019da Adanaspor A.\u015e.\u2019ye konuk olacak olan Somaspor kar\u015f\u0131la\u015fman\u0131n haz\u0131rl\u0131klar\u0131na TFF Soma Belediyesi Tesislerinde devam ediyor. Ge\u00e7ti\u011fimiz haftay\u0131 kendi evinde ma\u011flubiyetle kapatan ve ligde 4&#8230;<\/p>\n","protected":false},"author":1,"featured_media":64828,"comment_status":"open","ping_status":"open","sticky":false,"template":"","format":"standard","meta":{"_crdt_document":"","footnotes":""},"categories":[4],"tags":[],"class_list":["post-64827","post","type-post","status-publish","format-standard","has-post-thumbnail","hentry","category-spor"],"_links":{"self":[{"href":"https:\/\/www.egemtv.com\/index.php?rest_route=\/wp\/v2\/posts\/64827","targetHints":{"allow":["GET"]}}],"collection":[{"href":"https:\/\/www.egemtv.com\/index.php?rest_route=\/wp\/v2\/posts"}],"about":[{"href":"https:\/\/www.egemtv.com\/index.php?rest_route=\/wp\/v2\/types\/post"}],"author":[{"embeddable":true,"href":"https:\/\/www.egemtv.com\/index.php?rest_route=\/wp\/v2\/users\/1"}],"replies":[{"embeddable":true,"href":"https:\/\/www.egemtv.com\/index.php?rest_route=%2Fwp%2Fv2%2Fcomments&post=64827"}],"version-history":[{"count":1,"href":"https:\/\/www.egemtv.com\/index.php?rest_route=\/wp\/v2\/posts\/64827\/revisions"}],"predecessor-version":[{"id":64829,"href":"https:\/\/www.egemtv.com\/index.php?rest_route=\/wp\/v2\/posts\/64827\/revisions\/64829"}],"wp:featuredmedia":[{"embeddable":true,"href":"https:\/\/www.egemtv.com\/index.php?rest_route=\/wp\/v2\/media\/64828"}],"wp:attachment":[{"href":"https:\/\/www.egemtv.com\/index.php?rest_route=%2Fwp%2Fv2%2Fmedia&parent=64827"}],"wp:term":[{"taxonomy":"category","embeddable":true,"href":"https:\/\/www.egemtv.com\/index.php?rest_route=%2Fwp%2Fv2%2Fcategories&post=64827"},{"taxonomy":"post_tag","embeddable":true,"href":"https:\/\/www.egemtv.com\/index.php?rest_route=%2Fwp%2Fv2%2Ftags&post=64827"}],"curies":[{"name":"wp","href":"https:\/\/api.w.org\/{rel}","templated":true}]}}