{"id":64821,"date":"2025-10-30T12:35:00","date_gmt":"2025-10-30T09:35:00","guid":{"rendered":"https:\/\/www.egemtv.com\/?p=64821"},"modified":"2025-10-30T12:35:01","modified_gmt":"2025-10-30T09:35:01","slug":"minikler-kan-bagisina-dikkat-cekti","status":"publish","type":"post","link":"https:\/\/www.egemtv.com\/?p=64821","title":{"rendered":"Minikler kan ba\u011f\u0131\u015f\u0131na dikkat \u00e7ekti"},"content":{"rendered":"<p>Ayd\u0131n\u2019\u0131n Efeler il\u00e7esinde minik \u00f6\u011frenciler kan ba\u011f\u0131\u015f\u0131n\u0131n \u00f6nemine dikkat \u00e7ekti.<\/p>\n<p>K\u0131z\u0131lay Haftas\u0131 kapsam\u0131nda Ekrem \u00c7if\u00e7i \u0130lkokulu\u2019nda kan ba\u011f\u0131\u015f\u0131 etkinli\u011fi ger\u00e7ekle\u015ftirildi. Okul bah\u00e7esinde kan ba\u011f\u0131\u015f\u0131 stand\u0131 a\u00e7\u0131l\u0131rken, mini \u00f6\u011frenciler de haz\u0131rlad\u0131klar\u0131 programda kan ba\u011f\u0131\u015f\u0131n\u0131n \u00f6nemine dikkat \u00e7ekti. Sayg\u0131 duru\u015fu ve \u0130stiklal Mar\u015f\u0131\u2019n\u0131n okunmas\u0131yla ba\u015flayan programda kan\u0131n her zaman ihtiya\u00e7 oldu\u011funa dikkat \u00e7eken T\u00fcrk K\u0131z\u0131lay Ege B\u00f6lge Kan Merkezi M\u00fcd\u00fcr\u00fc Doktor Bar\u0131\u015f Dola\u015f, gelece\u011fin kan ba\u011f\u0131\u015f\u00e7\u0131s\u0131 \u00f6\u011frencilere te\u015fekk\u00fcr ederek &#8220;29 Ekim-4 Kas\u0131m K\u0131z\u0131lay Haftas\u0131 m\u00fcnasebetiyle bizleri misafir etti\u011finiz i\u00e7in t\u00fcm hasta ve hasta yak\u0131nlar\u0131 ad\u0131na te\u015fekk\u00fcr ediyorum. Hepimiz biliyoruz ki, kan\u0131n tek kayna\u011f\u0131 insan. Hi\u00e7 bir \u015fekilde \u00fcretilemeyen, tarlada yeti\u015ftirilemeyen ve sat\u0131n al\u0131namayan hayati bir s\u0131v\u0131. Kan v\u00fccudun en b\u00fcy\u00fck organ\u0131d\u0131r. K\u0131z\u0131lay Haftas\u0131 m\u00fcnasebetiyle okullarda \u0130l Milli E\u011fitim M\u00fcd\u00fcrl\u00fc\u011f\u00fcm\u00fcz\u00fcn \u00f6nderli\u011finde ger\u00e7ekle\u015ftirdi\u011fimiz kan ba\u011f\u0131\u015flar\u0131 ile beraber belki on binlerce insan\u0131n hayat\u0131na dokunmaya vesile olmaya \u00e7al\u0131\u015f\u0131yoruz. Yani siz de\u011ferli \u00f6\u011frencilerimiz, annelerini, babalar\u0131n\u0131, day\u0131lar\u0131n\u0131, kom\u015fular\u0131n\u0131 kan ba\u011f\u0131\u015f\u0131na davet ederek insanlar\u0131n hayat\u0131n\u0131 kurtar\u0131yorsunuz. Kurtard\u0131\u011f\u0131n\u0131z bu hayatlardan dolay\u0131 sizlere te\u015fekk\u00fcrlerimi sunuyorum&#8221; dedi.<\/p>\n<p>Konu\u015fmalar\u0131n ard\u0131ndan minikler K\u0131z\u0131lay Mar\u015f\u0131\u2019n\u0131 s\u00f6yleyerek haz\u0131rlad\u0131klar\u0131 pankartlarla da kan ba\u011f\u0131\u015f\u0131n\u0131n \u00f6nemine dikkat \u00e7ekti. Halk oyunlar\u0131 g\u00f6sterisinin ard\u0131ndan veliler, \u00f6\u011fretmenler ve \u00e7evredeki vatanda\u015flar da haz\u0131rlanan stand\u0131 ziyaret ederek kan ba\u011f\u0131\u015f\u0131nda bulundu.<br \/><\/p>\n","protected":false},"excerpt":{"rendered":"<p>Ayd\u0131n\u2019\u0131n Efeler il\u00e7esinde minik \u00f6\u011frenciler kan ba\u011f\u0131\u015f\u0131n\u0131n \u00f6nemine dikkat \u00e7ekti. K\u0131z\u0131lay Haftas\u0131 kapsam\u0131nda Ekrem \u00c7if\u00e7i \u0130lkokulu\u2019nda kan ba\u011f\u0131\u015f\u0131 etkinli\u011fi ger\u00e7ekle\u015ftirildi. Okul bah\u00e7esinde kan ba\u011f\u0131\u015f\u0131 stand\u0131 a\u00e7\u0131l\u0131rken, mini \u00f6\u011frenciler de haz\u0131rlad\u0131klar\u0131 programda kan ba\u011f\u0131\u015f\u0131n\u0131n \u00f6nemine dikkat \u00e7ekti. Sayg\u0131 duru\u015fu ve \u0130stiklal Mar\u015f\u0131\u2019n\u0131n okunmas\u0131yla ba\u015flayan programda kan\u0131n her zaman ihtiya\u00e7 oldu\u011funa dikkat \u00e7eken T\u00fcrk K\u0131z\u0131lay Ege B\u00f6lge&#8230;<\/p>\n","protected":false},"author":1,"featured_media":64822,"comment_status":"open","ping_status":"open","sticky":false,"template":"","format":"standard","meta":{"_crdt_document":"","footnotes":""},"categories":[1],"tags":[],"class_list":["post-64821","post","type-post","status-publish","format-standard","has-post-thumbnail","hentry","category-guncel"],"_links":{"self":[{"href":"https:\/\/www.egemtv.com\/index.php?rest_route=\/wp\/v2\/posts\/64821","targetHints":{"allow":["GET"]}}],"collection":[{"href":"https:\/\/www.egemtv.com\/index.php?rest_route=\/wp\/v2\/posts"}],"about":[{"href":"https:\/\/www.egemtv.com\/index.php?rest_route=\/wp\/v2\/types\/post"}],"author":[{"embeddable":true,"href":"https:\/\/www.egemtv.com\/index.php?rest_route=\/wp\/v2\/users\/1"}],"replies":[{"embeddable":true,"href":"https:\/\/www.egemtv.com\/index.php?rest_route=%2Fwp%2Fv2%2Fcomments&post=64821"}],"version-history":[{"count":1,"href":"https:\/\/www.egemtv.com\/index.php?rest_route=\/wp\/v2\/posts\/64821\/revisions"}],"predecessor-version":[{"id":64823,"href":"https:\/\/www.egemtv.com\/index.php?rest_route=\/wp\/v2\/posts\/64821\/revisions\/64823"}],"wp:featuredmedia":[{"embeddable":true,"href":"https:\/\/www.egemtv.com\/index.php?rest_route=\/wp\/v2\/media\/64822"}],"wp:attachment":[{"href":"https:\/\/www.egemtv.com\/index.php?rest_route=%2Fwp%2Fv2%2Fmedia&parent=64821"}],"wp:term":[{"taxonomy":"category","embeddable":true,"href":"https:\/\/www.egemtv.com\/index.php?rest_route=%2Fwp%2Fv2%2Fcategories&post=64821"},{"taxonomy":"post_tag","embeddable":true,"href":"https:\/\/www.egemtv.com\/index.php?rest_route=%2Fwp%2Fv2%2Ftags&post=64821"}],"curies":[{"name":"wp","href":"https:\/\/api.w.org\/{rel}","templated":true}]}}