{"id":64709,"date":"2025-10-29T20:34:48","date_gmt":"2025-10-29T17:34:48","guid":{"rendered":"https:\/\/www.egemtv.com\/?p=64709"},"modified":"2025-10-29T20:34:49","modified_gmt":"2025-10-29T17:34:49","slug":"marmaris-korfezinde-cuvala-dolanan-deniz-kaplumbagasini-cevreciler-kurtardi","status":"publish","type":"post","link":"https:\/\/www.egemtv.com\/?p=64709","title":{"rendered":"Marmaris K\u00f6rfezi\u2019nde \u00e7uvala dolanan deniz kaplumba\u011fas\u0131n\u0131 \u00e7evreciler kurtard\u0131"},"content":{"rendered":"<p>Mu\u011fla\u2019n\u0131n Marmaris il\u00e7esinde denize a\u00e7\u0131lan \u00e7evreci \u00d6zcan K\u00f6yl\u00fcbay ve arkada\u015f\u0131, deniz y\u00fczeyinde \u00e7uvala dolanm\u0131\u015f haldeki yavru deniz kaplumba\u011fas\u0131n\u0131 kurtard\u0131.<br \/>\n<br \/>Marmaris k\u00f6rfezi a\u00e7\u0131klar\u0131nda teknesi ile denize a\u00e7\u0131lan \u00d6zcan K\u00f6yl\u00fcbay ve arkada\u015f\u0131 deniz y\u00fczeyinde \u00e7uvala dolanm\u0131\u015f halde y\u00fczmeye \u00e7al\u0131\u015fan yavru deniz kaplumba\u011fas\u0131n\u0131 tekneye alarak \u00e7ak\u0131 yard\u0131m\u0131yla kanatlar\u0131na dolanan \u00e7uval\u0131 dikkatlice kesti. Yaralar\u0131 hafif d\u00fczeyde olan  kaplumba\u011fay\u0131, k\u0131sa s\u00fcrede denize geri b\u0131rakt\u0131lar. \u00c7evreci \u00d6zcan K\u00f6yl\u00fcbay, denizlere at\u0131lan \u00e7\u00f6plerin canl\u0131lar i\u00e7in b\u00fcy\u00fck tehlike olu\u015fturdu\u011funu belirterek, &#8220;Bir \u00e7uval, bir po\u015fet bile denizdeki canl\u0131lar\u0131n hayat\u0131na mal olabiliyor. L\u00fctfen denize \u00e7\u00f6p atmayal\u0131m&#8221; diyerek uyar\u0131da bulundu.<br \/><\/p>\n","protected":false},"excerpt":{"rendered":"<p>Mu\u011fla\u2019n\u0131n Marmaris il\u00e7esinde denize a\u00e7\u0131lan \u00e7evreci \u00d6zcan K\u00f6yl\u00fcbay ve arkada\u015f\u0131, deniz y\u00fczeyinde \u00e7uvala dolanm\u0131\u015f haldeki yavru deniz kaplumba\u011fas\u0131n\u0131 kurtard\u0131. Marmaris k\u00f6rfezi a\u00e7\u0131klar\u0131nda teknesi ile denize a\u00e7\u0131lan \u00d6zcan K\u00f6yl\u00fcbay ve arkada\u015f\u0131 deniz y\u00fczeyinde \u00e7uvala dolanm\u0131\u015f halde y\u00fczmeye \u00e7al\u0131\u015fan yavru deniz kaplumba\u011fas\u0131n\u0131 tekneye alarak \u00e7ak\u0131 yard\u0131m\u0131yla kanatlar\u0131na dolanan \u00e7uval\u0131 dikkatlice kesti. Yaralar\u0131 hafif d\u00fczeyde olan kaplumba\u011fay\u0131, k\u0131sa&#8230;<\/p>\n","protected":false},"author":1,"featured_media":64710,"comment_status":"open","ping_status":"open","sticky":false,"template":"","format":"standard","meta":{"_crdt_document":"","footnotes":""},"categories":[1],"tags":[],"class_list":["post-64709","post","type-post","status-publish","format-standard","has-post-thumbnail","hentry","category-guncel"],"_links":{"self":[{"href":"https:\/\/www.egemtv.com\/index.php?rest_route=\/wp\/v2\/posts\/64709","targetHints":{"allow":["GET"]}}],"collection":[{"href":"https:\/\/www.egemtv.com\/index.php?rest_route=\/wp\/v2\/posts"}],"about":[{"href":"https:\/\/www.egemtv.com\/index.php?rest_route=\/wp\/v2\/types\/post"}],"author":[{"embeddable":true,"href":"https:\/\/www.egemtv.com\/index.php?rest_route=\/wp\/v2\/users\/1"}],"replies":[{"embeddable":true,"href":"https:\/\/www.egemtv.com\/index.php?rest_route=%2Fwp%2Fv2%2Fcomments&post=64709"}],"version-history":[{"count":1,"href":"https:\/\/www.egemtv.com\/index.php?rest_route=\/wp\/v2\/posts\/64709\/revisions"}],"predecessor-version":[{"id":64711,"href":"https:\/\/www.egemtv.com\/index.php?rest_route=\/wp\/v2\/posts\/64709\/revisions\/64711"}],"wp:featuredmedia":[{"embeddable":true,"href":"https:\/\/www.egemtv.com\/index.php?rest_route=\/wp\/v2\/media\/64710"}],"wp:attachment":[{"href":"https:\/\/www.egemtv.com\/index.php?rest_route=%2Fwp%2Fv2%2Fmedia&parent=64709"}],"wp:term":[{"taxonomy":"category","embeddable":true,"href":"https:\/\/www.egemtv.com\/index.php?rest_route=%2Fwp%2Fv2%2Fcategories&post=64709"},{"taxonomy":"post_tag","embeddable":true,"href":"https:\/\/www.egemtv.com\/index.php?rest_route=%2Fwp%2Fv2%2Ftags&post=64709"}],"curies":[{"name":"wp","href":"https:\/\/api.w.org\/{rel}","templated":true}]}}