{"id":64706,"date":"2025-10-29T20:16:07","date_gmt":"2025-10-29T17:16:07","guid":{"rendered":"https:\/\/www.egemtv.com\/?p=64706"},"modified":"2025-10-29T20:16:08","modified_gmt":"2025-10-29T17:16:08","slug":"baskan-gencay-akkoy-cumhuriyet-konvoyuna-katildi","status":"publish","type":"post","link":"https:\/\/www.egemtv.com\/?p=64706","title":{"rendered":"Ba\u015fkan Gen\u00e7ay, Akk\u00f6y Cumhuriyet Konvoyu\u2019na kat\u0131ld\u0131"},"content":{"rendered":"<p>Cumhuriyet\u2019in 102. y\u0131l d\u00f6n\u00fcm\u00fc, Didim\u2019de b\u00fcy\u00fck bir co\u015fku ve gururla kutland\u0131. 29 Ekim Cumhuriyet Bayram\u0131 etkinlikleri kapsam\u0131nda Didim Akk\u00f6y Mahallesi\u2019nde 3. Geleneksel Cumhuriyet Konvoyu d\u00fczenlendi.<\/p>\n<p>Didim Belediye Ba\u015fkan\u0131 Hatice Gen\u00e7ay, belediye ba\u015fkan yard\u0131mc\u0131lar\u0131 ve belediye meclis \u00fcyeleriyle birlikte konvoya kat\u0131larak co\u015fkuya ortak oldu. T\u00fcrk bayraklar\u0131yla s\u00fcslenen onlarca trakt\u00f6rden olu\u015fan konvoy, Akk\u00f6y\u2019den ba\u015flayarak Akyenik\u00f6y ve Balat mahallelerine ilerledi. G\u00fczerg\u00e2h boyunca Didim halk\u0131 konvoyu alk\u0131\u015flarla selamlad\u0131, ellerindeki bayraklarla cumhuriyet sevincine ortak oldu.<\/p>\n<p>Konvoyun ard\u0131ndan konu\u015fan Didim Belediye Ba\u015fkan\u0131 Hatice Gen\u00e7ay Cumhuriyet Bayram\u0131\u2019n\u0131 kutlayarak, &#8220;Cumhuriyetimizin 102. y\u0131l\u0131n\u0131 b\u00fcy\u00fck bir gurur ve heyecanla kutluyoruz. Gazi Mustafa Kemal Atat\u00fcrk\u2019\u00fcn bizlere emanet etti\u011fi Cumhuriyet, \u00fclkemizin ba\u011f\u0131ms\u0131zl\u0131\u011f\u0131n\u0131n ve halk\u0131m\u0131z\u0131n iradesinin en g\u00fc\u00e7l\u00fc ifadesidir. Cumhuriyetimizi sonsuza dek ya\u015fatmak i\u00e7in hep birlikte \u00e7al\u0131\u015fmaya devam edece\u011fiz. Bu anlaml\u0131 g\u00fcnde eme\u011fi ge\u00e7en herkese ve konvoyumuza kat\u0131larak co\u015fkumuzu payla\u015fan t\u00fcm halk\u0131m\u0131za g\u00f6n\u00fclden te\u015fekk\u00fcr ediyorum&#8221; diye konu\u015ftu.<br \/><\/p>\n","protected":false},"excerpt":{"rendered":"<p>Cumhuriyet\u2019in 102. y\u0131l d\u00f6n\u00fcm\u00fc, Didim\u2019de b\u00fcy\u00fck bir co\u015fku ve gururla kutland\u0131. 29 Ekim Cumhuriyet Bayram\u0131 etkinlikleri kapsam\u0131nda Didim Akk\u00f6y Mahallesi\u2019nde 3. Geleneksel Cumhuriyet Konvoyu d\u00fczenlendi. Didim Belediye Ba\u015fkan\u0131 Hatice Gen\u00e7ay, belediye ba\u015fkan yard\u0131mc\u0131lar\u0131 ve belediye meclis \u00fcyeleriyle birlikte konvoya kat\u0131larak co\u015fkuya ortak oldu. T\u00fcrk bayraklar\u0131yla s\u00fcslenen onlarca trakt\u00f6rden olu\u015fan konvoy, Akk\u00f6y\u2019den ba\u015flayarak Akyenik\u00f6y ve Balat&#8230;<\/p>\n","protected":false},"author":1,"featured_media":64707,"comment_status":"open","ping_status":"open","sticky":false,"template":"","format":"standard","meta":{"_crdt_document":"","footnotes":""},"categories":[1],"tags":[],"class_list":["post-64706","post","type-post","status-publish","format-standard","has-post-thumbnail","hentry","category-guncel"],"_links":{"self":[{"href":"https:\/\/www.egemtv.com\/index.php?rest_route=\/wp\/v2\/posts\/64706","targetHints":{"allow":["GET"]}}],"collection":[{"href":"https:\/\/www.egemtv.com\/index.php?rest_route=\/wp\/v2\/posts"}],"about":[{"href":"https:\/\/www.egemtv.com\/index.php?rest_route=\/wp\/v2\/types\/post"}],"author":[{"embeddable":true,"href":"https:\/\/www.egemtv.com\/index.php?rest_route=\/wp\/v2\/users\/1"}],"replies":[{"embeddable":true,"href":"https:\/\/www.egemtv.com\/index.php?rest_route=%2Fwp%2Fv2%2Fcomments&post=64706"}],"version-history":[{"count":1,"href":"https:\/\/www.egemtv.com\/index.php?rest_route=\/wp\/v2\/posts\/64706\/revisions"}],"predecessor-version":[{"id":64708,"href":"https:\/\/www.egemtv.com\/index.php?rest_route=\/wp\/v2\/posts\/64706\/revisions\/64708"}],"wp:featuredmedia":[{"embeddable":true,"href":"https:\/\/www.egemtv.com\/index.php?rest_route=\/wp\/v2\/media\/64707"}],"wp:attachment":[{"href":"https:\/\/www.egemtv.com\/index.php?rest_route=%2Fwp%2Fv2%2Fmedia&parent=64706"}],"wp:term":[{"taxonomy":"category","embeddable":true,"href":"https:\/\/www.egemtv.com\/index.php?rest_route=%2Fwp%2Fv2%2Fcategories&post=64706"},{"taxonomy":"post_tag","embeddable":true,"href":"https:\/\/www.egemtv.com\/index.php?rest_route=%2Fwp%2Fv2%2Ftags&post=64706"}],"curies":[{"name":"wp","href":"https:\/\/api.w.org\/{rel}","templated":true}]}}