{"id":64703,"date":"2025-10-29T20:16:06","date_gmt":"2025-10-29T17:16:06","guid":{"rendered":"https:\/\/www.egemtv.com\/?p=64703"},"modified":"2025-10-29T20:16:07","modified_gmt":"2025-10-29T17:16:07","slug":"baskan-basdegirmenden-personeline-cumhuriyet-yemegi","status":"publish","type":"post","link":"https:\/\/www.egemtv.com\/?p=64703","title":{"rendered":"Ba\u015fkan Ba\u015fde\u011firmen\u2019den personeline Cumhuriyet yeme\u011fi"},"content":{"rendered":"<p>Isparta Belediye Ba\u015fkan\u0131 \u015e\u00fckr\u00fc Ba\u015fde\u011firmen ve e\u015fi \u015eadiye Ba\u015fde\u011firmen, Cumhuriyetin 102. y\u0131ld\u00f6n\u00fcm\u00fc kapsam\u0131nda Cumhuriyet yeme\u011finde belediye personeli ve aileleriyle bir araya geldi, Cumhuriyet co\u015fkusunu hep birlikte ya\u015fad\u0131.<br \/>\n<br \/>Belediye Ba\u015fkan\u0131 \u015e\u00fckr\u00fc Ba\u015fde\u011firmen ve e\u015fi \u015eadiye Ba\u015fde\u011firmen, Cumhuriyetin 102. y\u0131l\u0131n\u0131 belediye personeli ve aileleriyle birlikte kutlad\u0131. Ba\u015fde\u011firmen \u00e7ifti, belediye personeli ve aileleriyle G\u00f6kkubbe Fuar ve Kongre Merkezi\u2019nde bir araya geldi. Yemek \u00f6ncesinde \u00e7ocuklara y\u00f6nelik etkinlikler d\u00fczenlendi. Etkinliklerde \u00e7ocuklar g\u00f6n\u00fcllerince e\u011flendi. Ayr\u0131ca cumhuriyetin 102\u2019inci y\u0131l\u0131 dolay\u0131s\u0131yla 102 g\u00f6n\u00fcll\u00fc personel darbuka \u00e7ald\u0131. Yeme\u011fe personel yo\u011fun ilgi g\u00f6sterdi. Ba\u015fde\u011firmen \u00e7ifti, Cumhuriyet Yeme\u011finde personel ve ailelerini tek tek kap\u0131da kar\u015f\u0131lad\u0131, \u00e7ocuklarla yak\u0131ndan ilgilendi.<br \/>\n<br \/>Belediye Ba\u015fkan\u0131 \u015e\u00fckr\u00fc Ba\u015fde\u011firmen, 6,5 y\u0131ld\u0131r mesai arkada\u015flar\u0131yla beraber Isparta\u2019ya hizmet ettiklerine de\u011finerek, bu s\u00fcre i\u00e7erisinde g\u00fczel projelere imza att\u0131klar\u0131n\u0131 s\u00f6yledi. Ba\u015fkan Ba\u015fde\u011firmen, &#8220;Gece g\u00fcnd\u00fcz, s\u0131cak so\u011fuk demedik, bir\u00e7ok arkada\u015f\u0131m\u0131z belki de evine yeme\u011fe yeti\u015femedi, ge\u00e7 kald\u0131, yoruldu ama b\u0131rakmad\u0131k ve en g\u00fczelini yapt\u0131k. Hi\u00e7 durmad\u0131k, durmadan da bu hizmetleri yerine getirdik. Bug\u00fcn sizlerle beraber olmam\u0131z\u0131n bir amac\u0131 var. Gazi Mustafa Kemal Atat\u00fcrk\u2019\u00fcn bize arma\u011fan etti\u011fi Cumhuriyetimizin 102\u2019inci y\u0131l\u0131n\u0131 sizlerle beraber kutluyoruz. \u0130n\u015fallah daha nice y\u0131llarda cumhuriyetimizi kutlamak hepimize nasip olsun&#8221; dedi.<br \/>\n<br \/>Hizmetlerde mesai arkada\u015flar\u0131n\u0131n emeklerinin \u00e7ok fazla oldu\u011funu kaydeden Ba\u015fkan Ba\u015fde\u011firmen, &#8220;Bu g\u00fczel \u015fehrimizi d\u00fcnden daha g\u00fczel yapmak i\u00e7in b\u00fcy\u00fck emek veriyoruz. Bunun i\u00e7in hepinizi g\u00f6n\u00fclden tek tek tebrik ediyorum. Hepinizden Allah raz\u0131 olsun. \u00c7ocuklar\u0131m\u0131zla e\u011flenmemiz, onlarla vakit ge\u00e7irmekten de son derece memnun oluyoruz. Saat 16.00\u2019dan itibaren \u00e7ocuklar\u0131m\u0131za bir\u00e7ok etkinlik haz\u0131rlad\u0131k. \u00c7ocuklar\u0131m\u0131z etkinliklerle g\u00fczel vakit ge\u00e7irdiler. \u0130n\u015fallah bu g\u00fczel birlikteli\u011fimiz, bu g\u00fczel co\u015fkulu ortamlar\u0131m\u0131z uzun y\u0131llarca devam eder. Bizler y\u00f6netici olarak bug\u00fcn buraday\u0131z ama sizler, \u00e7al\u0131\u015fan vatanda\u015flar\u0131m\u0131z uzun y\u0131llar Isparta\u2019m\u0131za hizmet etmeye devam edecekler. Belki aram\u0131zda 30-35 y\u0131ld\u0131r \u015fehrimize hizmet eden arkada\u015flar\u0131m\u0131z var. Emekli olan \u00e7al\u0131\u015fanlar\u0131m\u0131z\u0131n ikramiyelerini hi\u00e7 bekletmeden, yasal s\u00fcreden de \u00f6nce \u00f6deyerek onlar\u0131n rahatl\u0131klar\u0131n\u0131 sa\u011fl\u0131yoruz. \u00c7\u00fcnk\u00fc hizmet ettiler, o y\u00fczden o g\u00fczelli\u011fe hemen kavu\u015fmalar\u0131 gerekiyor. Personelimizin haklar\u0131n\u0131, rahat ve g\u00fcvenli \u00e7al\u0131\u015fabilmelerini bug\u00fcne kadar sa\u011flad\u0131k bundan sonra da sa\u011flamaya devam edece\u011fiz. Bizim her \u015feyimiz sizlersiniz. Sizler olmasan\u0131z belediyenin hizmetini geli\u015ftirmemiz, hem\u015fehrilerimizin memnuniyetini sa\u011flamam\u0131z m\u00fcmk\u00fcn de\u011fil. Lay\u0131k\u0131yla, hakk\u0131yla yap\u0131ld\u0131\u011f\u0131 s\u00fcrece, mesai arkada\u015f\u0131m \u2018ben yapt\u0131\u011f\u0131m i\u015fin kar\u015f\u0131l\u0131\u011f\u0131n\u0131 al\u0131yorum, ald\u0131\u011f\u0131m paran\u0131n da kar\u015f\u0131l\u0131\u011f\u0131n\u0131 veriyorum\u2019 dedi\u011fi s\u00fcrece g\u00f6n\u00fclden bu i\u015fleri yapm\u0131\u015f oluyoruz. \u00d6nemli olan hak etti\u011fimiz paran\u0131n hakk\u0131n\u0131 vermek. Siz arkada\u015flar\u0131m\u0131z\u0131n bunu ba\u015far\u0131yla yapt\u0131\u011f\u0131n\u0131n inanc\u0131nday\u0131m. Cumhuriyetimizin 102. y\u0131l\u0131n\u0131 tekrar kutluyorum. Gazi Mustafa Kemal Atat\u00fcrk ve silah arkada\u015flar\u0131n\u0131 tekrar rahmet ve minnetle an\u0131yorum&#8221; ifadelerini kulland\u0131.<br \/>\n<br \/>Konu\u015fman\u0131n ard\u0131ndan dua edildi. Daha sonra sanat\u00e7\u0131 Ertu\u011frul Kiraz, kahramanl\u0131k t\u00fcrk\u00fcleri ve \u015fark\u0131lar seslendirdi. Ba\u015fde\u011firmen \u00e7ifti ve personel T\u00fcrk Bayraklar\u0131 ile Kiraz\u2019a e\u015flik etti.<br \/><\/p>\n","protected":false},"excerpt":{"rendered":"<p>Isparta Belediye Ba\u015fkan\u0131 \u015e\u00fckr\u00fc Ba\u015fde\u011firmen ve e\u015fi \u015eadiye Ba\u015fde\u011firmen, Cumhuriyetin 102. y\u0131ld\u00f6n\u00fcm\u00fc kapsam\u0131nda Cumhuriyet yeme\u011finde belediye personeli ve aileleriyle bir araya geldi, Cumhuriyet co\u015fkusunu hep birlikte ya\u015fad\u0131. Belediye Ba\u015fkan\u0131 \u015e\u00fckr\u00fc Ba\u015fde\u011firmen ve e\u015fi \u015eadiye Ba\u015fde\u011firmen, Cumhuriyetin 102. y\u0131l\u0131n\u0131 belediye personeli ve aileleriyle birlikte kutlad\u0131. Ba\u015fde\u011firmen \u00e7ifti, belediye personeli ve aileleriyle G\u00f6kkubbe Fuar ve Kongre Merkezi\u2019nde&#8230;<\/p>\n","protected":false},"author":1,"featured_media":64704,"comment_status":"open","ping_status":"open","sticky":false,"template":"","format":"standard","meta":{"_crdt_document":"","footnotes":""},"categories":[127],"tags":[],"class_list":["post-64703","post","type-post","status-publish","format-standard","has-post-thumbnail","hentry","category-siyaset"],"_links":{"self":[{"href":"https:\/\/www.egemtv.com\/index.php?rest_route=\/wp\/v2\/posts\/64703","targetHints":{"allow":["GET"]}}],"collection":[{"href":"https:\/\/www.egemtv.com\/index.php?rest_route=\/wp\/v2\/posts"}],"about":[{"href":"https:\/\/www.egemtv.com\/index.php?rest_route=\/wp\/v2\/types\/post"}],"author":[{"embeddable":true,"href":"https:\/\/www.egemtv.com\/index.php?rest_route=\/wp\/v2\/users\/1"}],"replies":[{"embeddable":true,"href":"https:\/\/www.egemtv.com\/index.php?rest_route=%2Fwp%2Fv2%2Fcomments&post=64703"}],"version-history":[{"count":1,"href":"https:\/\/www.egemtv.com\/index.php?rest_route=\/wp\/v2\/posts\/64703\/revisions"}],"predecessor-version":[{"id":64705,"href":"https:\/\/www.egemtv.com\/index.php?rest_route=\/wp\/v2\/posts\/64703\/revisions\/64705"}],"wp:featuredmedia":[{"embeddable":true,"href":"https:\/\/www.egemtv.com\/index.php?rest_route=\/wp\/v2\/media\/64704"}],"wp:attachment":[{"href":"https:\/\/www.egemtv.com\/index.php?rest_route=%2Fwp%2Fv2%2Fmedia&parent=64703"}],"wp:term":[{"taxonomy":"category","embeddable":true,"href":"https:\/\/www.egemtv.com\/index.php?rest_route=%2Fwp%2Fv2%2Fcategories&post=64703"},{"taxonomy":"post_tag","embeddable":true,"href":"https:\/\/www.egemtv.com\/index.php?rest_route=%2Fwp%2Fv2%2Ftags&post=64703"}],"curies":[{"name":"wp","href":"https:\/\/api.w.org\/{rel}","templated":true}]}}