{"id":64661,"date":"2025-10-29T16:14:59","date_gmt":"2025-10-29T13:14:59","guid":{"rendered":"https:\/\/www.egemtv.com\/?p=64661"},"modified":"2025-10-29T16:14:59","modified_gmt":"2025-10-29T13:14:59","slug":"eseler-koyunde-yillardir-suren-sorunlar-cozuldu","status":"publish","type":"post","link":"https:\/\/www.egemtv.com\/?p=64661","title":{"rendered":"Eseler k\u00f6y\u00fcnde y\u0131llard\u0131r s\u00fcren sorunlar \u00e7\u00f6z\u00fcld\u00fc"},"content":{"rendered":"<p>K\u00fctahya\u2019n\u0131n Emet il\u00e7esine ba\u011fl\u0131 Eseler k\u00f6y\u00fcnde Muhtar Mehmet Ta\u015fdemir\u2019in giri\u015fimleri ve k\u00f6y halk\u0131n\u0131n deste\u011fiyle i\u00e7me suyu, kanalizasyon altyap\u0131s\u0131 ve sosyal donat\u0131 sorunlar\u0131 \u00e7\u00f6z\u00fcme kavu\u015ftu. Ger\u00e7ekle\u015ftirilen projelerle k\u00f6y\u00fcn \u00e7ehresi de\u011fi\u015firken, uzun y\u0131llard\u0131r s\u00fcregelen geleneksel bir sorun da giderildi.<br \/>\n<br \/>Eseler k\u00f6y\u00fc, uzun s\u00fcredir g\u00fcndemde olan i\u00e7me suyu ve kanalizasyon problemlerini geride b\u0131rakt\u0131. Muhtar Mehmet Ta\u015fdemir\u2019in \u00f6nc\u00fcl\u00fc\u011f\u00fcnde y\u00fcr\u00fct\u00fclen \u00e7al\u0131\u015fmalarla k\u00f6y\u00fcn en temel ihtiya\u00e7lar\u0131 kar\u015f\u0131land\u0131. Yaz aylar\u0131nda n\u00fcfusu \u00f6nemli \u00f6l\u00e7\u00fcde artan ve 80 hanenin bulundu\u011fu k\u00f6yde su sorununun \u00e7\u00f6z\u00fclmesi, ya\u015fam kalitesini belirgin bi\u00e7imde art\u0131rd\u0131.<br \/>\n<br \/>Muhtar Mehmet Ta\u015fdemir, altyap\u0131 \u00e7al\u0131\u015fmalar\u0131n\u0131n yan\u0131 s\u0131ra k\u00f6y ya\u015fam\u0131n\u0131 canland\u0131racak sosyal alanlar\u0131n da olu\u015fturuldu\u011funu belirterek, &#8220;K\u00f6y\u00fcm\u00fcze kazand\u0131rd\u0131\u011f\u0131m\u0131z \u00e7ok ama\u00e7l\u0131 salonlar sayesinde art\u0131k \u00e7e\u015fitli sosyal etkinlikler d\u00fczenleyebilece\u011fiz. Bu salonlar k\u00f6y\u00fcm\u00fczde birlik ve beraberli\u011fi g\u00fc\u00e7lendirecek&#8221; dedi.<br \/>\n<br \/>Cenaze ve taziye g\u00fcnlerinde ya\u015fanan \u00f6nemli bir sorunun da yeni salonlarla ortadan kald\u0131r\u0131ld\u0131\u011f\u0131n\u0131 ifade eden Ta\u015fdemir, &#8220;Yeni salonlar\u0131m\u0131z sayesinde art\u0131k cenaze g\u00fcnlerinde ailelerin pide ve yemek yapma zorunlulu\u011fu sona erecek. Bu zor g\u00fcnlerde k\u00f6yl\u00fclerimizin y\u00fck\u00fcn\u00fc hafifletmek istedik&#8221; diye konu\u015ftu.<br \/>\n<br \/>Ta\u015fdemir, projelerin ba\u015far\u0131s\u0131nda k\u00f6y halk\u0131n\u0131n dayan\u0131\u015fmas\u0131n\u0131n b\u00fcy\u00fck pay\u0131 oldu\u011funu vurgulayarak, &#8220;K\u00f6y\u00fcm\u00fczde ya\u015fayan vatanda\u015flar\u0131m\u0131z\u0131n yan\u0131 s\u0131ra yurt d\u0131\u015f\u0131nda, \u00f6zellikle Almanya\u2019da ya\u015fayan hem\u015fehrilerimizin maddi destekleri bu projelerin tamamlanmas\u0131nda b\u00fcy\u00fck rol oynad\u0131. Eme\u011fi ge\u00e7en herkese te\u015fekk\u00fcr ediyorum&#8221; dedi.<br \/>\n<br \/>Tamamlanan altyap\u0131 ve sosyal donat\u0131 yat\u0131r\u0131mlar\u0131yla birlikte Eseler k\u00f6y\u00fc, yaz aylar\u0131nda artan n\u00fcfusa daha iyi hizmet verebilecek modern bir g\u00f6r\u00fcn\u00fcme kavu\u015ftu.<br \/><\/p>\n","protected":false},"excerpt":{"rendered":"<p>K\u00fctahya\u2019n\u0131n Emet il\u00e7esine ba\u011fl\u0131 Eseler k\u00f6y\u00fcnde Muhtar Mehmet Ta\u015fdemir\u2019in giri\u015fimleri ve k\u00f6y halk\u0131n\u0131n deste\u011fiyle i\u00e7me suyu, kanalizasyon altyap\u0131s\u0131 ve sosyal donat\u0131 sorunlar\u0131 \u00e7\u00f6z\u00fcme kavu\u015ftu. Ger\u00e7ekle\u015ftirilen projelerle k\u00f6y\u00fcn \u00e7ehresi de\u011fi\u015firken, uzun y\u0131llard\u0131r s\u00fcregelen geleneksel bir sorun da giderildi. Eseler k\u00f6y\u00fc, uzun s\u00fcredir g\u00fcndemde olan i\u00e7me suyu ve kanalizasyon problemlerini geride b\u0131rakt\u0131. Muhtar Mehmet Ta\u015fdemir\u2019in \u00f6nc\u00fcl\u00fc\u011f\u00fcnde y\u00fcr\u00fct\u00fclen&#8230;<\/p>\n","protected":false},"author":1,"featured_media":64662,"comment_status":"open","ping_status":"open","sticky":false,"template":"","format":"standard","meta":{"_crdt_document":"","footnotes":""},"categories":[1],"tags":[],"class_list":["post-64661","post","type-post","status-publish","format-standard","has-post-thumbnail","hentry","category-guncel"],"_links":{"self":[{"href":"https:\/\/www.egemtv.com\/index.php?rest_route=\/wp\/v2\/posts\/64661","targetHints":{"allow":["GET"]}}],"collection":[{"href":"https:\/\/www.egemtv.com\/index.php?rest_route=\/wp\/v2\/posts"}],"about":[{"href":"https:\/\/www.egemtv.com\/index.php?rest_route=\/wp\/v2\/types\/post"}],"author":[{"embeddable":true,"href":"https:\/\/www.egemtv.com\/index.php?rest_route=\/wp\/v2\/users\/1"}],"replies":[{"embeddable":true,"href":"https:\/\/www.egemtv.com\/index.php?rest_route=%2Fwp%2Fv2%2Fcomments&post=64661"}],"version-history":[{"count":1,"href":"https:\/\/www.egemtv.com\/index.php?rest_route=\/wp\/v2\/posts\/64661\/revisions"}],"predecessor-version":[{"id":64663,"href":"https:\/\/www.egemtv.com\/index.php?rest_route=\/wp\/v2\/posts\/64661\/revisions\/64663"}],"wp:featuredmedia":[{"embeddable":true,"href":"https:\/\/www.egemtv.com\/index.php?rest_route=\/wp\/v2\/media\/64662"}],"wp:attachment":[{"href":"https:\/\/www.egemtv.com\/index.php?rest_route=%2Fwp%2Fv2%2Fmedia&parent=64661"}],"wp:term":[{"taxonomy":"category","embeddable":true,"href":"https:\/\/www.egemtv.com\/index.php?rest_route=%2Fwp%2Fv2%2Fcategories&post=64661"},{"taxonomy":"post_tag","embeddable":true,"href":"https:\/\/www.egemtv.com\/index.php?rest_route=%2Fwp%2Fv2%2Ftags&post=64661"}],"curies":[{"name":"wp","href":"https:\/\/api.w.org\/{rel}","templated":true}]}}